{"id":2978,"date":"2024-01-06T13:23:36","date_gmt":"2024-01-06T11:23:36","guid":{"rendered":"https:\/\/taniagombert.com\/?p=2978"},"modified":"2025-11-04T11:43:31","modified_gmt":"2025-11-04T09:43:31","slug":"resolutions-pour-un-monde-plus-juste-engagements-personnels-pour-la-mixite-socioculturelle-en-2024","status":"publish","type":"post","link":"https:\/\/taniagombert.com\/index.php\/2024\/01\/06\/resolutions-pour-un-monde-plus-juste-engagements-personnels-pour-la-mixite-socioculturelle-en-2024\/","title":{"rendered":"R\u00e9solutions pour un monde plus juste: Engagements personnels pour la mixit\u00e9 socioculturelle en 2024"},"content":{"rendered":"\t\t<div data-elementor-type=\"wp-post\" data-elementor-id=\"2978\" class=\"elementor elementor-2978\">\n\t\t\t\t\t\t<section class=\"elementor-section elementor-top-section elementor-element elementor-element-97a5ad0 elementor-section-boxed elementor-section-height-default elementor-section-height-default\" data-id=\"97a5ad0\" data-element_type=\"section\" data-e-type=\"section\" data-settings=\"{&quot;background_background&quot;:&quot;classic&quot;}\">\n\t\t\t\t\t\t<div class=\"elementor-container elementor-column-gap-default\">\n\t\t\t\t\t<div class=\"elementor-column elementor-col-100 elementor-top-column elementor-element elementor-element-e4d6583\" data-id=\"e4d6583\" data-element_type=\"column\" data-e-type=\"column\">\n\t\t\t<div class=\"elementor-widget-wrap elementor-element-populated\">\n\t\t\t\t\t\t<div class=\"elementor-element elementor-element-30d3ac8 elementor-widget elementor-widget-heading\" data-id=\"30d3ac8\" data-element_type=\"widget\" data-e-type=\"widget\" data-widget_type=\"heading.default\">\n\t\t\t\t<div class=\"elementor-widget-container\">\n\t\t\t\t\t<h1 class=\"elementor-heading-title elementor-size-default\">R\u00e9solutions pour un monde plus juste: Engagements personnels pour la mixit\u00e9 socioculturelle en 2024<\/h1>\t\t\t\t<\/div>\n\t\t\t\t<\/div>\n\t\t\t\t\t<\/div>\n\t\t<\/div>\n\t\t\t\t\t<\/div>\n\t\t<\/section>\n\t\t\t\t<section class=\"elementor-section elementor-top-section elementor-element elementor-element-2cab613 elementor-section-boxed elementor-section-height-default elementor-section-height-default\" data-id=\"2cab613\" data-element_type=\"section\" data-e-type=\"section\" data-settings=\"{&quot;background_background&quot;:&quot;classic&quot;}\">\n\t\t\t\t\t\t<div class=\"elementor-container elementor-column-gap-default\">\n\t\t\t\t\t<div class=\"elementor-column elementor-col-50 elementor-top-column elementor-element elementor-element-7a1fdbc\" data-id=\"7a1fdbc\" data-element_type=\"column\" data-e-type=\"column\">\n\t\t\t<div class=\"elementor-widget-wrap elementor-element-populated\">\n\t\t\t\t\t\t<div class=\"elementor-element elementor-element-02c42ea elementor-widget__width-initial elementor-widget elementor-widget-image\" data-id=\"02c42ea\" data-element_type=\"widget\" data-e-type=\"widget\" data-widget_type=\"image.default\">\n\t\t\t\t<div class=\"elementor-widget-container\">\n\t\t\t\t\t\t\t\t\t\t\t\t\t\t\t<img fetchpriority=\"high\" decoding=\"async\" width=\"1024\" height=\"1024\" src=\"https:\/\/taniagombert.com\/wp-content\/uploads\/2024\/01\/IMG_4992.webp\" class=\"attachment-full size-full wp-image-2984\" alt=\"\" srcset=\"https:\/\/taniagombert.com\/wp-content\/uploads\/2024\/01\/IMG_4992.webp 1024w, https:\/\/taniagombert.com\/wp-content\/uploads\/2024\/01\/IMG_4992-300x300.webp 300w, https:\/\/taniagombert.com\/wp-content\/uploads\/2024\/01\/IMG_4992-150x150.webp 150w, https:\/\/taniagombert.com\/wp-content\/uploads\/2024\/01\/IMG_4992-768x768.webp 768w, https:\/\/taniagombert.com\/wp-content\/uploads\/2024\/01\/IMG_4992-600x600.webp 600w\" sizes=\"(max-width: 1024px) 100vw, 1024px\" \/>\t\t\t\t\t\t\t\t\t\t\t\t\t\t\t<\/div>\n\t\t\t\t<\/div>\n\t\t\t\t\t<\/div>\n\t\t<\/div>\n\t\t\t\t<div class=\"elementor-column elementor-col-50 elementor-top-column elementor-element elementor-element-fea9ad0\" data-id=\"fea9ad0\" data-element_type=\"column\" data-e-type=\"column\">\n\t\t\t<div class=\"elementor-widget-wrap elementor-element-populated\">\n\t\t\t\t\t\t<div class=\"elementor-element elementor-element-dafe784 elementor-widget elementor-widget-text-editor\" data-id=\"dafe784\" data-element_type=\"widget\" data-e-type=\"widget\" data-widget_type=\"text-editor.default\">\n\t\t\t\t<div class=\"elementor-widget-container\">\n\t\t\t\t\t\t\t\t\t<p>En 2023, une ann\u00e9e de contrastes et de d\u00e9fis pour la justice sociale et la diversit\u00e9, j&rsquo;ai d\u00e9marr\u00e9 l\u2019ann\u00e9e en publiant \u00ab<a title=\"Le monde est injuste et alors\" href=\"https:\/\/ouvrage.taniagombert.com\/lemondeestinjusteetalors\/?_ga=2.215803792.624750680.1704540406-1812978885.1699569820\" target=\"_blank\" rel=\"noopener\">Le monde est injuste, et alors ?<\/a>\u00ab\u00a0, co-\u00e9crit avec Clotilde Boudet. Paru il y a un an le 12 janvier 2023,<span class=\"Apple-converted-space\">\u00a0 <\/span>cet ouvrage explore les origines de la col\u00e8re politique dans une soci\u00e9t\u00e9 marqu\u00e9e par les in\u00e9galit\u00e9s et les clivages sociaux, offrant un message d&rsquo;espoir face aux jugements et \u00e0 l&rsquo;entre-soi persistants. En 2024, je hausse le ton et les enjeux. \u00ab\u00a0Le monde est injuste, et alors ?\u00a0\u00bb ne sera pas qu&rsquo;un \u00e9cho dans le vide, mais un appel \u00e0 l&rsquo;action. Je naviguerai entre cynisme et espoir pour d\u00e9noncer chaque faux pas et c\u00e9l\u00e9brer chaque avanc\u00e9e.<\/p>\t\t\t\t\t\t\t\t<\/div>\n\t\t\t\t<\/div>\n\t\t\t\t\t<\/div>\n\t\t<\/div>\n\t\t\t\t\t<\/div>\n\t\t<\/section>\n\t\t\t\t<section class=\"elementor-section elementor-top-section elementor-element elementor-element-d4cc829 elementor-section-boxed elementor-section-height-default elementor-section-height-default\" data-id=\"d4cc829\" data-element_type=\"section\" data-e-type=\"section\" data-settings=\"{&quot;background_background&quot;:&quot;slideshow&quot;,&quot;background_slideshow_gallery&quot;:[{&quot;id&quot;:3638,&quot;url&quot;:&quot;https:\\\/\\\/taniagombert.com\\\/wp-content\\\/uploads\\\/2025\\\/05\\\/Paper_09.png&quot;}],&quot;background_slideshow_loop&quot;:&quot;yes&quot;,&quot;background_slideshow_slide_duration&quot;:5000,&quot;background_slideshow_slide_transition&quot;:&quot;fade&quot;,&quot;background_slideshow_transition_duration&quot;:500}\">\n\t\t\t\t\t\t\t<div class=\"elementor-background-overlay\"><\/div>\n\t\t\t\t\t\t\t<div class=\"elementor-container elementor-column-gap-default\">\n\t\t\t\t\t<div class=\"elementor-column elementor-col-100 elementor-top-column elementor-element elementor-element-0d588f8\" data-id=\"0d588f8\" data-element_type=\"column\" data-e-type=\"column\">\n\t\t\t<div class=\"elementor-widget-wrap elementor-element-populated\">\n\t\t\t\t\t\t<div class=\"elementor-element elementor-element-d0f8191 elementor-widget elementor-widget-text-editor\" data-id=\"d0f8191\" data-element_type=\"widget\" data-e-type=\"widget\" data-widget_type=\"text-editor.default\">\n\t\t\t\t<div class=\"elementor-widget-container\">\n\t\t\t\t\t\t\t\t\t<p class=\"p1\">L\u2019ann\u00e9e 2023 s\u2019est fini sur une note am\u00e8re.<\/p><p class=\"p1\">La loi fran\u00e7aise sur l&rsquo;immigration, adopt\u00e9e le 19 d\u00e9cembre 2023, a cristallis\u00e9 les tensions, mettant en lumi\u00e8re les divisions sociopolitiques profondes. Elle a impos\u00e9 des restrictions sur les prestations sociales pour les non-europ\u00e9ens et renforc\u00e9 les conditions de r\u00e9gularisation des travailleurs sans-papiers, r\u00e9v\u00e9lant les d\u00e9fis croissants pour l&rsquo;int\u00e9gration et la justice migratoire.<\/p><p class=\"p1\">Parall\u00e8lement, le Prix Nobel 2023 a vu une l\u00e9g\u00e8re augmentation de la repr\u00e9sentation f\u00e9minine, avec des laur\u00e9ates telles que Claudia Goldin et Narges Mohammadi.<span class=\"Apple-converted-space\">\u00a0 <\/span>On applaudit la l\u00e9g\u00e8re mont\u00e9e des femmes sur le podium, mais on est encore loin du compte, Avec seulement 6,7% de femmes laur\u00e9ates depuis 1901, les progr\u00e8s restent timides. Les droits des femmes ont connu des avanc\u00e9es et des reculs. L&rsquo;Espagne a introduit un cong\u00e9 menstruel, une premi\u00e8re en Europe, tandis que la lutte pour l&rsquo;avortement s&rsquo;est intensifi\u00e9e aux \u00c9tats-Unis. En Afghanistan, les droits des femmes continuent de se d\u00e9t\u00e9riorer sous le r\u00e9gime taliban. Ces exemples mettent en \u00e9vidence la n\u00e9cessit\u00e9 constante de d\u00e9fendre les droits des femmes \u00e0 l&rsquo;\u00e9chelle mondiale.<\/p><p class=\"p1\">La crise isra\u00e9lo-palestinienne, avec l&rsquo;escalade des tensions en octobre 2023, a rappel\u00e9 l&rsquo;urgence d&rsquo;adresser les conflits longs et complexes \u00e0 travers le dialogue et le respect des droits humains.<\/p><p class=\"p1\">Dans un monde o\u00f9 la violence semble \u00eatre la r\u00e9ponse facile, il est crucial de rappeler que cibler des civils innocents n&rsquo;est jamais justifiable, que ce soit par le Hamas ou les forces isra\u00e9liennes.<\/p><p class=\"p1\">En 2024, je m&rsquo;engage \u00e0 \u00eatre encore plus align\u00e9e avec mes valeurs. En tant que citoyenne et humaine, je refuse de rester silencieuse ou de d\u00e9tourner le regard.. Je ne suis peut-\u00eatre pas Wonder Woman, mais je compte bien faire ma part . Je m&rsquo;engage \u00e0 agir \u00e0 ma propre \u00e9chelle pour faire une diff\u00e9rence.<\/p><p class=\"p1\">Mon engagement se traduira<span class=\"Apple-converted-space\">\u00a0 <\/span>notamment via mes entreprises Afervescence et ma soci\u00e9t\u00e9 d&rsquo;investissement, et \u00e0 travers mon association Cap M\u00e9tissage.<\/p><p class=\"p1\">Avec <a title=\"Afervescence\" href=\"https:\/\/afervescence.com\/\" target=\"_blank\" rel=\"noopener\">Afervescence, une agence de conseil marketing<\/a>, et ma soci\u00e9t\u00e9 d&rsquo;investissement, je promeus l&rsquo;\u00e9mancipation f\u00e9minine dans le monde professionnel. <a title=\"Association Cap M\u00e9tissage\" href=\"https:\/\/capmetissage.com\/\" target=\"_blank\" rel=\"noopener\">Mon association Cap M\u00e9tissage valorise la mixit\u00e9 socioculturelle.<\/a><\/p><p class=\"p1\">Mes r\u00e9solutions pour 2024 sont claires :<\/p><ul class=\"ul1\"><li class=\"li1\">\u00c9ducation et sensibilisation continue sur les enjeux de diversit\u00e9 et d&rsquo;injustice sociale.<\/li><li class=\"li1\">Soutien actif aux mouvements et organisations luttant pour l&rsquo;\u00e9galit\u00e9 et la justice.<\/li><li class=\"li1\">Engagement personnel pour d\u00e9noncer les injustices et promouvoir des politiques plus inclusives et \u00e9quitables.<\/li><\/ul><p class=\"p1\">Je vous invite \u00e0 vous joindre \u00e0 moi pour r\u00e9fl\u00e9chir \u00e0 vos propres r\u00e9solutions afin de contribuer \u00e0 un monde plus juste et diversifi\u00e9. Notre engagement collectif est crucial pour faire face aux d\u00e9fis pr\u00e9sents et futurs.<\/p>\t\t\t\t\t\t\t\t<\/div>\n\t\t\t\t<\/div>\n\t\t\t\t\t<\/div>\n\t\t<\/div>\n\t\t\t\t\t<\/div>\n\t\t<\/section>\n\t\t\t\t<section class=\"elementor-section elementor-top-section elementor-element elementor-element-28b5522 elementor-section-boxed elementor-section-height-default elementor-section-height-default\" data-id=\"28b5522\" data-element_type=\"section\" data-e-type=\"section\" data-settings=\"{&quot;background_background&quot;:&quot;classic&quot;}\">\n\t\t\t\t\t\t<div class=\"elementor-container elementor-column-gap-default\">\n\t\t\t\t\t<div class=\"elementor-column elementor-col-100 elementor-top-column elementor-element elementor-element-49c0f2a\" data-id=\"49c0f2a\" data-element_type=\"column\" data-e-type=\"column\">\n\t\t\t<div class=\"elementor-widget-wrap elementor-element-populated\">\n\t\t\t\t\t\t<div class=\"elementor-element elementor-element-0b6796d elementor-widget elementor-widget-post-navigation\" data-id=\"0b6796d\" data-element_type=\"widget\" data-e-type=\"widget\" data-widget_type=\"post-navigation.default\">\n\t\t\t\t<div class=\"elementor-widget-container\">\n\t\t\t\t\t \t\t\t\t<\/div>\n\t\t\t\t<\/div>\n\t\t\t\t\t<\/div>\n\t\t<\/div>\n\t\t\t\t\t<\/div>\n\t\t<\/section>\n\t\t\t\t<section class=\"elementor-section elementor-top-section elementor-element elementor-element-10898d6 elementor-section-full_width elementor-section-height-default elementor-section-height-default\" data-id=\"10898d6\" data-element_type=\"section\" data-e-type=\"section\" data-settings=\"{&quot;background_background&quot;:&quot;classic&quot;}\">\n\t\t\t\t\t\t<div class=\"elementor-container elementor-column-gap-default\">\n\t\t\t\t\t<div class=\"elementor-column elementor-col-100 elementor-top-column elementor-element elementor-element-362d648\" data-id=\"362d648\" data-element_type=\"column\" data-e-type=\"column\">\n\t\t\t<div class=\"elementor-widget-wrap elementor-element-populated\">\n\t\t\t\t\t\t<div class=\"elementor-element elementor-element-570ef8e elementor-widget elementor-widget-posts\" data-id=\"570ef8e\" data-element_type=\"widget\" data-e-type=\"widget\" data-widget_type=\"posts.cards\">\n\t\t\t\t<div class=\"elementor-widget-container\">\n\t\t\t\t\t \t\t\t\t<\/div>\n\t\t\t\t<\/div>\n\t\t\t\t<div class=\"elementor-element elementor-element-7b8b0a3 elementor-widget elementor-widget-post-navigation\" data-id=\"7b8b0a3\" data-element_type=\"widget\" data-e-type=\"widget\" data-widget_type=\"post-navigation.default\">\n\t\t\t\t<div class=\"elementor-widget-container\">\n\t\t\t\t\t \t\t\t\t<\/div>\n\t\t\t\t<\/div>\n\t\t\t\t\t<\/div>\n\t\t<\/div>\n\t\t\t\t\t<\/div>\n\t\t<\/section>\n\t\t\t\t<\/div>\n\t\t","protected":false},"excerpt":{"rendered":"<p>En 2023, une ann\u00e9e de contrastes et de d\u00e9fis pour la justice sociale et la diversit\u00e9, j&rsquo;ai d\u00e9marr\u00e9 l\u2019ann\u00e9e en publiant \u00abLe monde est injuste, et alors ?\u00a0\u00bb, co-\u00e9crit avec Clotilde Boudet. Paru il y a un an le 12 janvier 2023,\u00a0 cet ouvrage explore les origines de la col\u00e8re politique dans une soci\u00e9t\u00e9 marqu\u00e9e par les in\u00e9galit\u00e9s et les clivages sociaux, offrant un message d&rsquo;espoir face aux jugements et \u00e0 l&rsquo;entre-soi persistants. En 2024, je hausse le ton et les enjeux. \u00ab\u00a0Le monde est injuste, et alors ?\u00a0\u00bb ne sera pas qu&rsquo;un \u00e9cho dans le vide, mais un appel \u00e0 l&rsquo;action.<\/p>\n","protected":false},"author":1,"featured_media":2984,"comment_status":"open","ping_status":"open","sticky":false,"template":"","format":"standard","meta":{"zakra_general_container_width":0,"zakra_general_content_width":0,"zakra_general_sidebar_width":0,"zakra_sticky_header":"customizer","zakra_header_main_area":true,"zakra_site_logo_width":0,"zakra_header_top_enabled":"customizer","zakra_header_top_style":"customizer","zakra_primary_menu_item_style":"customizer","zakra_page_header_text_color":"","zakra_page_header_layout":"customizer","zakra_page_title_bg":"","zakra_footer_widgets_bg_image":0,"zakra_page_title_bg_repeat":"customizer","zakra_page_title_bg_position":"customizer","zakra_page_title_bg_size":"customizer","zakra_page_title_bg_attachment":"customizer","zakra_breadcrumbs_enabled":"customizer","zakra_breadcrumbs_text_color":"","zakra_breadcrumbs_separator_color":"","zakra_breadcrumbs_link_color":"","zakra_breadcrumbs_link_hover_color":"","zakra_page_title_bg_image":0,"zakra_footer_widgets_enabled":"customizer","zakra_footer_column_layout_1_style":"customizer","zakra_footer_widgets_bg":"","zakra_footer_widgets_bg_repeat":"customizer","zakra_footer_widgets_bg_position":"customizer","zakra_footer_widgets_bg_size":"customizer","zakra_footer_widgets_bg_attachment":"customizer","zakra_footer_bar_enabled":"customizer","zakra_footer_bar_style":"customizer","zakra_page_container_layout":"customizer","zakra_page_sidebar_layout":"customizer","zakra_remove_content_margin":false,"zakra_sidebar":"customizer","zakra_transparent_header":"customizer","zakra_logo":0,"zakra_main_header_style":"default","zakra_menu_item_color":"","zakra_menu_item_hover_color":null,"zakra_menu_item_active_color":"","zakra_menu_active_style":"","zakra_page_header":true,"om_disable_all_campaigns":false,"_uf_show_specific_survey":0,"_uf_disable_surveys":false,"footnotes":""},"categories":[7,8,6],"tags":[],"class_list":["post-2978","post","type-post","status-publish","format-standard","has-post-thumbnail","hentry","category-feminisme","category-meltingpot","category-motsamaux"],"aioseo_notices":[],"_links":{"self":[{"href":"https:\/\/taniagombert.com\/index.php\/wp-json\/wp\/v2\/posts\/2978","targetHints":{"allow":["GET"]}}],"collection":[{"href":"https:\/\/taniagombert.com\/index.php\/wp-json\/wp\/v2\/posts"}],"about":[{"href":"https:\/\/taniagombert.com\/index.php\/wp-json\/wp\/v2\/types\/post"}],"author":[{"embeddable":true,"href":"https:\/\/taniagombert.com\/index.php\/wp-json\/wp\/v2\/users\/1"}],"replies":[{"embeddable":true,"href":"https:\/\/taniagombert.com\/index.php\/wp-json\/wp\/v2\/comments?post=2978"}],"version-history":[{"count":22,"href":"https:\/\/taniagombert.com\/index.php\/wp-json\/wp\/v2\/posts\/2978\/revisions"}],"predecessor-version":[{"id":4123,"href":"https:\/\/taniagombert.com\/index.php\/wp-json\/wp\/v2\/posts\/2978\/revisions\/4123"}],"wp:featuredmedia":[{"embeddable":true,"href":"https:\/\/taniagombert.com\/index.php\/wp-json\/wp\/v2\/media\/2984"}],"wp:attachment":[{"href":"https:\/\/taniagombert.com\/index.php\/wp-json\/wp\/v2\/media?parent=2978"}],"wp:term":[{"taxonomy":"category","embeddable":true,"href":"https:\/\/taniagombert.com\/index.php\/wp-json\/wp\/v2\/categories?post=2978"},{"taxonomy":"post_tag","embeddable":true,"href":"https:\/\/taniagombert.com\/index.php\/wp-json\/wp\/v2\/tags?post=2978"}],"curies":[{"name":"wp","href":"https:\/\/api.w.org\/{rel}","templated":true}]}}