{"id":3351,"date":"2024-06-05T12:43:28","date_gmt":"2024-06-05T10:43:28","guid":{"rendered":"https:\/\/taniagombert.com\/?p=3351"},"modified":"2025-11-06T17:27:17","modified_gmt":"2025-11-06T15:27:17","slug":"les-choses-humaines-autopsie-dun-viol-dun-monde-du-pouvoir-de-lamour-de-nous","status":"publish","type":"post","link":"https:\/\/taniagombert.com\/index.php\/2024\/06\/05\/les-choses-humaines-autopsie-dun-viol-dun-monde-du-pouvoir-de-lamour-de-nous\/","title":{"rendered":"Les Choses humaines : autopsie d\u2019un viol, d\u2019un monde, du pouvoir, de l\u2019amour, de nous"},"content":{"rendered":"\t\t<div data-elementor-type=\"wp-post\" data-elementor-id=\"3351\" class=\"elementor elementor-3351\">\n\t\t\t\t\t\t<section class=\"elementor-section elementor-top-section elementor-element elementor-element-95f4957 elementor-section-boxed elementor-section-height-default elementor-section-height-default\" data-id=\"95f4957\" data-element_type=\"section\" data-e-type=\"section\" data-settings=\"{&quot;background_background&quot;:&quot;classic&quot;}\">\n\t\t\t\t\t\t<div class=\"elementor-container elementor-column-gap-default\">\n\t\t\t\t\t<div class=\"elementor-column elementor-col-100 elementor-top-column elementor-element elementor-element-0f462ff\" data-id=\"0f462ff\" data-element_type=\"column\" data-e-type=\"column\">\n\t\t\t<div class=\"elementor-widget-wrap elementor-element-populated\">\n\t\t\t\t\t\t<div class=\"elementor-element elementor-element-17c0051 elementor-widget elementor-widget-heading\" data-id=\"17c0051\" data-element_type=\"widget\" data-e-type=\"widget\" data-widget_type=\"heading.default\">\n\t\t\t\t<div class=\"elementor-widget-container\">\n\t\t\t\t\t<h1 class=\"elementor-heading-title elementor-size-default\">Les Choses humaines : autopsie d\u2019un viol, d\u2019un monde, du pouvoir, de l\u2019amour, de nous<\/h1>\t\t\t\t<\/div>\n\t\t\t\t<\/div>\n\t\t\t\t\t<\/div>\n\t\t<\/div>\n\t\t\t\t\t<\/div>\n\t\t<\/section>\n\t\t\t\t<section class=\"elementor-section elementor-top-section elementor-element elementor-element-aaf3c1c elementor-section-boxed elementor-section-height-default elementor-section-height-default\" data-id=\"aaf3c1c\" data-element_type=\"section\" data-e-type=\"section\" data-settings=\"{&quot;background_background&quot;:&quot;classic&quot;}\">\n\t\t\t\t\t\t<div class=\"elementor-container elementor-column-gap-default\">\n\t\t\t\t\t<div class=\"elementor-column elementor-col-50 elementor-top-column elementor-element elementor-element-6d9b09e\" data-id=\"6d9b09e\" data-element_type=\"column\" data-e-type=\"column\">\n\t\t\t<div class=\"elementor-widget-wrap elementor-element-populated\">\n\t\t\t\t\t\t<div class=\"elementor-element elementor-element-1cdd57b elementor-widget__width-initial elementor-widget elementor-widget-image\" data-id=\"1cdd57b\" data-element_type=\"widget\" data-e-type=\"widget\" data-widget_type=\"image.default\">\n\t\t\t\t<div class=\"elementor-widget-container\">\n\t\t\t\t\t\t\t\t\t\t\t\t\t\t\t<img fetchpriority=\"high\" decoding=\"async\" width=\"800\" height=\"600\" src=\"https:\/\/taniagombert.com\/wp-content\/uploads\/2023\/02\/7F2D16F0-0574-4EB7-87DF-41E2B082E947-800x600.webp\" class=\"attachment-zakra-thumb-size-one size-zakra-thumb-size-one wp-image-1794\" alt=\"\" \/>\t\t\t\t\t\t\t\t\t\t\t\t\t\t\t<\/div>\n\t\t\t\t<\/div>\n\t\t\t\t\t<\/div>\n\t\t<\/div>\n\t\t\t\t<div class=\"elementor-column elementor-col-50 elementor-top-column elementor-element elementor-element-27ff06a\" data-id=\"27ff06a\" data-element_type=\"column\" data-e-type=\"column\">\n\t\t\t<div class=\"elementor-widget-wrap elementor-element-populated\">\n\t\t\t\t\t\t<div class=\"elementor-element elementor-element-7a78508 elementor-widget elementor-widget-text-editor\" data-id=\"7a78508\" data-element_type=\"widget\" data-e-type=\"widget\" data-widget_type=\"text-editor.default\">\n\t\t\t\t<div class=\"elementor-widget-container\">\n\t\t\t\t\t\t\t\t\t<p>Un viol. Un proc\u00e8s. Une soci\u00e9t\u00e9 qui pr\u00e9f\u00e8re les apparences \u00e0 la v\u00e9rit\u00e9. <a href=\"https:\/\/fr.wikipedia.org\/wiki\/Karine_Tuil\">Karine Tuil<\/a>, dans <em>Les Choses humaines<\/em>, diss\u00e8que bien plus qu\u2019un fait divers : elle r\u00e9v\u00e8le les silences d\u2019un monde fa\u00e7onn\u00e9 par le pouvoir masculin, les compromis familiaux, et la violence sociale des privil\u00e8ges. Ce roman m\u2019a percut\u00e9e. Parce qu\u2019il parle de justice, de f\u00e9minisme, de m\u00e8res qu\u2019on croit fortes, et d\u2019amours qu\u2019on n\u2019arrive pas \u00e0 quitter. Parce que Mila, celle \u00e0 qui tout arrive c\u2019est aussi le pr\u00e9nom de ma fille.<\/p>\t\t\t\t\t\t\t\t<\/div>\n\t\t\t\t<\/div>\n\t\t\t\t\t<\/div>\n\t\t<\/div>\n\t\t\t\t\t<\/div>\n\t\t<\/section>\n\t\t\t\t<section class=\"elementor-section elementor-top-section elementor-element elementor-element-950ebdb elementor-section-boxed elementor-section-height-default elementor-section-height-default\" data-id=\"950ebdb\" data-element_type=\"section\" data-e-type=\"section\" data-settings=\"{&quot;background_background&quot;:&quot;slideshow&quot;,&quot;background_slideshow_gallery&quot;:[{&quot;id&quot;:3638,&quot;url&quot;:&quot;https:\\\/\\\/taniagombert.com\\\/wp-content\\\/uploads\\\/2025\\\/05\\\/Paper_09.png&quot;}],&quot;background_slideshow_loop&quot;:&quot;yes&quot;,&quot;background_slideshow_slide_duration&quot;:5000,&quot;background_slideshow_slide_transition&quot;:&quot;fade&quot;,&quot;background_slideshow_transition_duration&quot;:500}\">\n\t\t\t\t\t\t\t<div class=\"elementor-background-overlay\"><\/div>\n\t\t\t\t\t\t\t<div class=\"elementor-container elementor-column-gap-default\">\n\t\t\t\t\t<div class=\"elementor-column elementor-col-100 elementor-top-column elementor-element elementor-element-5479ba2\" data-id=\"5479ba2\" data-element_type=\"column\" data-e-type=\"column\">\n\t\t\t<div class=\"elementor-widget-wrap elementor-element-populated\">\n\t\t\t\t\t\t<div class=\"elementor-element elementor-element-f19cce6 elementor-widget elementor-widget-heading\" data-id=\"f19cce6\" data-element_type=\"widget\" data-e-type=\"widget\" data-widget_type=\"heading.default\">\n\t\t\t\t<div class=\"elementor-widget-container\">\n\t\t\t\t\t<h2 class=\"elementor-heading-title elementor-size-default\">Un roman qui d\u00e9range parce qu\u2019il ne ment pas<\/h2>\t\t\t\t<\/div>\n\t\t\t\t<\/div>\n\t\t\t\t<div class=\"elementor-element elementor-element-660e3b8 elementor-widget elementor-widget-text-editor\" data-id=\"660e3b8\" data-element_type=\"widget\" data-e-type=\"widget\" data-widget_type=\"text-editor.default\">\n\t\t\t\t<div class=\"elementor-widget-container\">\n\t\t\t\t\t\t\t\t\t<p>\u00a0<em>Les Choses humaines<\/em>, ce n\u2019est pas un roman sur une erreur de jeunesse. Ce n\u2019est pas un proc\u00e8s. Ce n\u2019est pas un manifeste. C\u2019est pire que \u00e7a.<\/p><p>C\u2019est une dissection clinique de ce que notre soci\u00e9t\u00e9 refuse de voir en face : les violences sexuelles, le pouvoir social, et l\u2019impossibilit\u00e9 de dire la v\u00e9rit\u00e9 quand chaque v\u00e9rit\u00e9 arrange quelqu\u2019un.<\/p><p>Karine Tuil ne cherche pas \u00e0 \u00e9mouvoir. Elle cherche \u00e0 \u00e9branler. Elle le fait \u00e0 travers un fait brut, un viol, et tout ce qu\u2019il d\u00e9clenche : la justice, les m\u00e9dias, la parole, les postures, la panique morale. Elle le fait sans h\u00e9ro\u00efnes ni salauds. Sans le\u00e7on. Et c\u2019est pr\u00e9cis\u00e9ment cela qui d\u00e9range.<\/p><p>Le point de d\u00e9part est simple, gla\u00e7ant : Alexandre Farel, jeune homme brillant, fils d\u2019un couple influent, est accus\u00e9 de viol par Mila, la fille de la nouvelle compagne de son p\u00e8re. \u00c0 partir de l\u00e0, rien n\u2019est simple, tout devient trouble : qui croire ? Pourquoi ? Que voit-on quand on voit un \u00ab bon gar\u00e7on \u00bb ? Que refuse-t-on de voir quand on le conna\u00eet bien, qu\u2019on l\u2019aime, qu\u2019on l\u2019a \u00e9lev\u00e9 ?<\/p><p>\u00a0<\/p><p>\u00ab On ne saura jamais ce qui s&rsquo;est pr\u00e9cis\u00e9ment pass\u00e9 dans ce local entre 23h20 et 00h05 [&#8230;]. Cela restera l&rsquo;objet de suppositions, de fantasmes, voire de fiction. \u00bb<\/p><p>\u00a0<\/p><p>Tuil ancre son r\u00e9cit dans la faille humaine. Celle des familles qui explosent. Celle des f\u00e9ministes qui vacillent. Celle des m\u00e8res qui doutent de ce qu\u2019elles savent. Celle des hommes qui ont trop appris \u00e0 s\u00e9duire, pas assez \u00e0 respecter.<\/p><p>Et puis, il y a cette phrase. Une seule. Une bombe.<\/p><p><em>\u00ab Alexandre est une bonne personne [\u2026] c\u2019est pourquoi je pense qu\u2019il serait injuste de d\u00e9truire la vie d\u2019un gar\u00e7on intelligent, droit, aimant [\u2026] pour vingt minutes d\u2019action. \u00bb<\/em> Jean Farel<\/p><p>Cette phrase n\u2019est pas invent\u00e9e. Elle vient d\u2019un vrai proc\u00e8s : celui de Brock Turner, \u00e9tudiant de Stanford. Son p\u00e8re avait \u00e9crit cette m\u00eame formule. Vingt minutes d\u2019action. Comme s\u2019il s\u2019agissait d\u2019une performance sportive. D\u2019un mauvais timing.<\/p><p>Tuil s\u2019en empare pour d\u00e9noncer la banalisation de la violence. Pour montrer comment une soci\u00e9t\u00e9 enti\u00e8re peut se liguer, sans s\u2019en rendre compte, pour prot\u00e9ger les siens. Les hommes bien n\u00e9s. Bien habill\u00e9s. Bien entour\u00e9s.<\/p><p>C\u2019est l\u00e0 que le roman nous bouscule. Parce qu\u2019il ne se contente pas de d\u00e9noncer. Il nous implique. Il nous pousse \u00e0 nous demander : et moi, qu\u2019aurais-je cru ?<\/p><p>C\u2019est une lecture de l\u2019intime et du politique, une lecture de nos contradictions.<\/p><p>Et c\u2019est l\u00e0 que quelque chose me revient. Une phrase que j\u2019ai re\u00e7ue, un jour, et qui m\u2019a longtemps piqu\u00e9e, m\u00eame si je n\u2019ai rien montr\u00e9 :<\/p><p>\u00a0<\/p><p>\u00ab Tu es facile \u00e0 quitter. Tu es forte, ind\u00e9pendante, tu t\u2019en remettras vite. \u00bb<\/p><p>\u00a0<\/p><p>Et si \u00eatre forte, c\u2019\u00e9tait \u00eatre seule au moment o\u00f9 tout s\u2019effondre ?<\/p><p>Et si aimer, pour une femme, m\u00eame brillante, m\u00eame lucide, c\u2019\u00e9tait aussi parfois perdre le pouvoir ?<\/p>\t\t\t\t\t\t\t\t<\/div>\n\t\t\t\t<\/div>\n\t\t\t\t<div class=\"elementor-element elementor-element-c13840a elementor-widget elementor-widget-heading\" data-id=\"c13840a\" data-element_type=\"widget\" data-e-type=\"widget\" data-widget_type=\"heading.default\">\n\t\t\t\t<div class=\"elementor-widget-container\">\n\t\t\t\t\t<h2 class=\"elementor-heading-title elementor-size-default\">Le c\u0153ur du drame : un viol, une accusation, une soci\u00e9t\u00e9 en pi\u00e8ces<\/h2>\t\t\t\t<\/div>\n\t\t\t\t<\/div>\n\t\t\t\t<div class=\"elementor-element elementor-element-1a17637 elementor-widget elementor-widget-text-editor\" data-id=\"1a17637\" data-element_type=\"widget\" data-e-type=\"widget\" data-widget_type=\"text-editor.default\">\n\t\t\t\t<div class=\"elementor-widget-container\">\n\t\t\t\t\t\t\t\t\t<p>Il y a un gar\u00e7on. Alexandre Farel.<\/p><p>Fils d\u2019un couple embl\u00e9matique du paysage m\u00e9diatique fran\u00e7ais : Jean, journaliste star, monument d\u2019\u00e9go en costume sur-mesure ; Claire, intellectuelle f\u00e9ministe, longtemps \u00e9clips\u00e9e par l\u2019ombre port\u00e9e de son ex-mari. Alexandre, lui, est promis \u00e0 une brillante carri\u00e8re. Il est tout ce qu\u2019il faut \u00eatre : brillant, blanc, \u00e9duqu\u00e9, sportif, souriant.<\/p><p>Il a toujours su s\u00e9duire, et il a appris tr\u00e8s t\u00f4t que c\u2019\u00e9tait une qualit\u00e9 attendue.<\/p><p>Il y a une fille. Mila.<\/p><p>Fille d\u2019Adam, le nouveau compagnon de Claire. Adolescente pudique, s\u00e9rieuse, silencieuse. De confession juive, elle a \u00e9t\u00e9 marqu\u00e9e tr\u00e8s jeune par les attentats dans son \u00e9cole. Sa m\u00e8re, en r\u00e9action, s\u2019est radicalis\u00e9e religieusement, ce qui a isol\u00e9 Mila encore davantage. Le roman la d\u00e9crit comme une jeune fille \u00ab\u00a0d\u00e9sorient\u00e9e dans son propre corps\u00a0\u00bb, en d\u00e9calage avec les autres, ni militante ni provocante, mais prise dans une construction intime brouill\u00e9e.<\/p><p>Et puis, il y a cette nuit.<\/p><p>Un acte. Une f\u00eate. Une pi\u00e8ce technique. Un moment suspendu.<\/p><p>Puis un mot : viol.<\/p><p>Mais le monde autour, lui, ne s\u2019arr\u00eate pas. Il d\u00e9bat. Il juge. Il suppose. Il organise le doute.<\/p><p><em>\u00ab Sur ce qui s&rsquo;est pass\u00e9 l\u00e0-bas, tu dis que nous n&rsquo;avons pas v\u00e9cu la m\u00eame histoire mais au fond de toi, tu le sais : tu m&rsquo;as viol\u00e9e. [&#8230;] La zone grise, c\u2019est une zone invent\u00e9e par les hommes pour se justifier, dire : les choses n\u2019\u00e9taient pas claires, j\u2019ai pens\u00e9 qu\u2019elle voulait, je me suis tromp\u00e9\u2026 et passer \u00e0 autre chose sans avoir \u00e0 se sentir coupables ni rendre des comptes pour le mal qu\u2019ils ont fait. \u00bb<\/em>\u00a0 Mila<\/p><p>Cette <em>zone grise<\/em>, Karine Tuil en fait le noyau br\u00fblant du livre. Une invention sociale. Une chambre d\u2019\u00e9cho masculine, o\u00f9 les mots viennent couvrir le silence du non-dit. Le roman ne tranche pas : il nous immerge dans l\u2019ambigu\u00eft\u00e9 organis\u00e9e.<\/p><p>Car Mila n\u2019a pas cri\u00e9. Elle n\u2019a pas fui. Elle a fig\u00e9. Comme tant d\u2019autres. Et dans ce monde-l\u00e0, si une femme ne hurle pas, c\u2019est qu\u2019elle a consenti, ou qu\u2019on pourra faire comme si.<\/p><p>Le proc\u00e8s ne r\u00e9pare rien. Il expose. Il exhibe. Il transforme les victimes en objets de rh\u00e9torique.<\/p><p>Et quand l\u2019accus\u00e9 est un \u00ab\u00a0fils de bonne famille\u00a0\u00bb, le r\u00e9cit bascule. Alexandre n\u2019est plus un corps en accusation. Il devient un avenir \u00e0 sauver.<\/p><p><em>\u00ab Alexandre est une bonne personne, tous ses amis l\u2019ont dit : il est sain d\u2019esprit, loyal, courageux, combatif, c\u2019est pourquoi je pense qu\u2019il serait injuste de d\u00e9truire la vie d\u2019un gar\u00e7on intelligent, droit, aimant, un gar\u00e7on \u00e0 qui jusqu\u2019\u00e0 pr\u00e9sent tout a r\u00e9ussi, pour vingt minutes d\u2019action. \u00bb<\/em>\u00a0 Jean Farel<\/p><p>Cette phrase-l\u00e0, on y reviendra. Mais d\u00e9j\u00e0, elle agit comme une gifle. Elle contient tout ce que la justice patriarcale refuse d\u2019admettre : qu\u2019un viol ne se mesure pas \u00e0 la dur\u00e9e d\u2019un acte, ni \u00e0 la qualit\u00e9 du CV de celui qui l\u2019a commis.<\/p><p>Et Mila, dans tout cela ? Elle est seule.<\/p><p>S\u00e9par\u00e9e de sa m\u00e8re par une fracture id\u00e9ologique. Isol\u00e9e dans une sph\u00e8re bourgeoise o\u00f9 tout la d\u00e9signe comme <em>l\u2019autre<\/em>.<\/p><p>Elle ne cherche pas \u00e0 s\u2019imposer. Elle ne veut pas se venger. Elle dit ce qu\u2019elle a v\u00e9cu. Et c\u2019est insupportable. Parce que ce qu\u2019elle dit vient fissurer le socle tout entier.<\/p>\t\t\t\t\t\t\t\t<\/div>\n\t\t\t\t<\/div>\n\t\t\t\t<div class=\"elementor-element elementor-element-b92a06c elementor-widget elementor-widget-heading\" data-id=\"b92a06c\" data-element_type=\"widget\" data-e-type=\"widget\" data-widget_type=\"heading.default\">\n\t\t\t\t<div class=\"elementor-widget-container\">\n\t\t\t\t\t<h2 class=\"elementor-heading-title elementor-size-default\">\u00a0\"Vingt minutes d\u2019action\" : une phrase, un syst\u00e8me<\/h2>\t\t\t\t<\/div>\n\t\t\t\t<\/div>\n\t\t\t\t<div class=\"elementor-element elementor-element-a7f3f40 elementor-widget elementor-widget-text-editor\" data-id=\"a7f3f40\" data-element_type=\"widget\" data-e-type=\"widget\" data-widget_type=\"text-editor.default\">\n\t\t\t\t<div class=\"elementor-widget-container\">\n\t\t\t\t\t\t\t\t\t<article class=\"text-token-text-primary w-full focus:outline-none [--shadow-height:45px] has-data-writing-block:pointer-events-none has-data-writing-block:-mt-(--shadow-height) has-data-writing-block:pt-(--shadow-height) [&amp;:has([data-writing-block])&gt;*]:pointer-events-auto [content-visibility:auto] supports-[content-visibility:auto]:[contain-intrinsic-size:auto_100lvh] scroll-mt-[calc(var(--header-height)+min(200px,max(70px,20svh)))]\" dir=\"auto\" tabindex=\"-1\" data-turn-id=\"request-6904c59b-9324-8331-96a2-5d6e9d11d364-2\" data-testid=\"conversation-turn-24\" data-scroll-anchor=\"true\" data-turn=\"assistant\"><div class=\"text-base my-auto mx-auto pb-10 [--thread-content-margin:--spacing(4)] thread-sm:[--thread-content-margin:--spacing(6)] thread-lg:[--thread-content-margin:--spacing(16)] px-(--thread-content-margin)\"><div class=\"[--thread-content-max-width:40rem] thread-lg:[--thread-content-max-width:48rem] mx-auto max-w-(--thread-content-max-width) flex-1 group\/turn-messages focus-visible:outline-hidden relative flex w-full min-w-0 flex-col agent-turn\" tabindex=\"-1\"><div class=\"flex max-w-full flex-col grow\"><div class=\"min-h-8 text-message relative flex w-full flex-col items-end gap-2 text-start break-words whitespace-normal [.text-message+&amp;]:mt-1\" dir=\"auto\" data-message-author-role=\"assistant\" data-message-id=\"36c766cd-d2af-4e93-9ba4-a378a00a3ba9\" data-message-model-slug=\"gpt-5\"><div class=\"flex w-full flex-col gap-1 empty:hidden first:pt-[1px]\"><div class=\"markdown prose dark:prose-invert w-full break-words light markdown-new-styling\"><p>Parfois, une phrase suffit \u00e0 dire tout un monde.<\/p><p>\u00a0<\/p><p>\u00ab Vingt minutes d\u2019action. \u00bb<\/p><p>\u00a0<\/p><p>C\u2019est Jean Farel, le p\u00e8re. Journaliste l\u00e9gendaire. Ma\u00eetre des mots, des postures, des images.<\/p><p>Et pourtant, c\u2019est cette phrase-l\u00e0 qu\u2019il l\u00e2che, comme un aveu : maladroite, cynique, r\u00e9v\u00e9latrice. Une tentative de d\u00e9fense qui sonne comme un verdict. Il ne parle pas du corps de Mila, ni de sa parole. Il parle de son fils. De son avenir. Du g\u00e2chis que ce scandale pourrait repr\u00e9senter.<\/p><p>\u00ab\u00a0Vingt minutes d\u2019action\u00a0\u00bb : l\u2019expression est r\u00e9elle. Elle a \u00e9t\u00e9 utilis\u00e9e par le p\u00e8re de Brock Turner dans une lettre adress\u00e9e au juge. Ce dernier, \u00e9tudiant-athl\u00e8te \u00e0 Stanford, avait \u00e9t\u00e9 reconnu coupable de viol sur une jeune femme inconsciente. Il n\u2019\u00e9copera que de six mois de prison.<\/p><p>Parce que la prison, disait-on, aurait eu \u00ab\u00a0un effet trop n\u00e9gatif sur lui\u00a0\u00bb.<\/p><p>Karine Tuil ne s\u2019en cache pas : le proc\u00e8s d\u2019Alexandre Farel s\u2019inspire directement de celui de Brock Turner.<\/p><p>Les parall\u00e8les sont nombreux :<\/p><ul><li>L\u2019accus\u00e9, jeune homme prometteur, bien n\u00e9, bien entour\u00e9.<\/li><li>L\u2019acte, commis dans un moment de flottement, lors d\u2019une soir\u00e9e, avec alcool.<\/li><li>La strat\u00e9gie de d\u00e9fense, centr\u00e9e sur la r\u00e9putation, l\u2019\u00e9ducation, l\u2019avenir.<\/li><li>Et cette volont\u00e9 pernicieuse de minorer les faits au nom d\u2019un futur \u00e0 pr\u00e9server.<\/li><\/ul><p>Dans <em>Les Choses humaines<\/em>, cette phrase devient l\u2019ic\u00f4ne d\u2019une impunit\u00e9 bien huil\u00e9e.<\/p><p>Elle r\u00e9sume un syst\u00e8me o\u00f9 la violence sexuelle est requalifi\u00e9e en \u00ab\u00a0moment d\u2019\u00e9garement\u00a0\u00bb, o\u00f9 l\u2019on se demande si \u00ab\u00a0\u00e7a vaut vraiment la peine de briser une vie pour \u00e7a\u00a0\u00bb.<\/p><p><em>\u00ab\u00a0Cela traduit une tentative de relativisation des violences sexuelles, surtout quand elles sont commises par des jeunes hommes de milieux favoris\u00e9s.\u00a0\u00bb<\/em><\/p><p>C\u2019est l\u00e0 toute la puissance de cette phrase : elle n\u2019est pas seulement monstrueuse. Elle est banale.<\/p><p>Elle ne choque pas ceux qui l\u2019entendent dans le roman.<\/p><p>Elle circule. Elle fait partie de ce langage qui prot\u00e8ge. Qui att\u00e9nue. Qui reformule le viol en incident, la victime en opposante, et l\u2019agresseur en h\u00e9ros en chute libre.<\/p><p>Et dans ce glissement lexical, c\u2019est toute la violence symbolique du patriarcat qui s\u2019exerce.<\/p><p>Mila, elle, n\u2019a pas les mots pour riposter \u00e0 ce discours m\u00e9diatique.<\/p><p>Mais elle sait ce qu\u2019elle a v\u00e9cu. Et elle sait qu\u2019on essaie de le nier.<\/p><p><em>\u00ab\u00a0Toi, tu dis partout que j\u2019\u00e9tais consentante. [&#8230;] Ton p\u00e8re a parl\u00e9 de &lsquo;vingt minutes d\u2019action&rsquo;. [&#8230;] La zone grise, c\u2019est une zone invent\u00e9e par les hommes pour se justifier.\u00a0\u00bb<\/em><\/p><p>Ce que Tuil r\u00e9ussit magistralement ici, c\u2019est montrer comment une phrase, prononc\u00e9e sans trembler, devient une arme de destruction de la parole des femmes.<\/p><p>Parce qu\u2019elle porte l\u2019autorit\u00e9.<\/p><p>Parce qu\u2019elle est socialement acceptable.<\/p><p>Parce qu\u2019elle sonne vrai pour ceux qui dominent.<\/p><p>Et pourtant, elle ne dit rien de vrai.<\/p><p>Elle dit seulement ce que l\u2019on veut continuer \u00e0 croire : que les gar\u00e7ons bien \u00e9lev\u00e9s ne violent pas.<\/p><p>Qu\u2019il y a des filles floues, des moments flous, des zones floues.<\/p><p>Et que tout cela finira par s\u2019oublier.<\/p><p>Mais rien ne s\u2019oublie.<\/p><\/div><\/div><\/div><\/div><\/div><\/div><\/article>\t\t\t\t\t\t\t\t<\/div>\n\t\t\t\t<\/div>\n\t\t\t\t<div class=\"elementor-element elementor-element-ca32a9a elementor-widget elementor-widget-heading\" data-id=\"ca32a9a\" data-element_type=\"widget\" data-e-type=\"widget\" data-widget_type=\"heading.default\">\n\t\t\t\t<div class=\"elementor-widget-container\">\n\t\t\t\t\t<h2 class=\"elementor-heading-title elementor-size-default\">Claire et Fran\u00e7oise : f\u00e9ministes contrari\u00e9es, amantes sacrifi\u00e9es\u00a0\u00a0\u00a0\u00a0\u00a0\u00a0\u00a0\u00a0\u00a0<\/h2>\t\t\t\t<\/div>\n\t\t\t\t<\/div>\n\t\t\t\t<div class=\"elementor-element elementor-element-130136f elementor-widget elementor-widget-text-editor\" data-id=\"130136f\" data-element_type=\"widget\" data-e-type=\"widget\" data-widget_type=\"text-editor.default\">\n\t\t\t\t<div class=\"elementor-widget-container\">\n\t\t\t\t\t\t\t\t\t<p>Elles ne sont pas faibles.<\/p><p>Elles sont lucides, autonomes, cultiv\u00e9es.<\/p><p>Et pourtant, elles tombent. Non parce qu\u2019elles ne savent pas, mais parce qu\u2019elles aiment.<\/p><p>Claire et Fran\u00e7oise ne sont pas des h\u00e9ro\u00efnes f\u00e9ministes exemplaires.<\/p><p>Elles sont plus int\u00e9ressantes que cela : elles sont vraies.<\/p><p>Elles aiment des hommes qu\u2019elles devraient fuir. Elles soutiennent des trajectoires qui les effacent. Et pourtant, elles restent.<\/p>\t\t\t\t\t\t\t\t<\/div>\n\t\t\t\t<\/div>\n\t\t\t\t<div class=\"elementor-element elementor-element-12215eb elementor-widget elementor-widget-heading\" data-id=\"12215eb\" data-element_type=\"widget\" data-e-type=\"widget\" data-widget_type=\"heading.default\">\n\t\t\t\t<div class=\"elementor-widget-container\">\n\t\t\t\t\t<h3 class=\"elementor-heading-title elementor-size-default\">Claire Farel, la femme forte qu\u2019on n\u2019a jamais crue fragile\u00a0\u00a0\u00a0\u00a0\u00a0\u00a0\u00a0\u00a0<\/h3>\t\t\t\t<\/div>\n\t\t\t\t<\/div>\n\t\t\t\t<div class=\"elementor-element elementor-element-5dbc450 elementor-widget elementor-widget-text-editor\" data-id=\"5dbc450\" data-element_type=\"widget\" data-e-type=\"widget\" data-widget_type=\"text-editor.default\">\n\t\t\t\t<div class=\"elementor-widget-container\">\n\t\t\t\t\t\t\t\t\t<p>Claire est la figure f\u00e9minine centrale du roman.<\/p><p>Journaliste, intellectuelle, f\u00e9ministe engag\u00e9e, elle aurait pu briller seule.<\/p><p>Mais elle a choisi une vie \u201clogique\u201d.<\/p><p>Elle s\u2019est rang\u00e9e aux c\u00f4t\u00e9s de Jean Farel, monument m\u00e9diatique, homme de pouvoir, de t\u00e9l\u00e9vision et de domination tranquille.<\/p><p>Elle l\u2019a sans doute aim\u00e9. Mais ce n\u2019est pas un amour bouleversant, irr\u00e9sistible.<\/p><p>C\u2019est une forme d\u2019alliance strat\u00e9gique, sociale, raisonnable.<\/p><p>Un choix de vie qui s\u2019est transform\u00e9 en renoncement lent.<\/p><p>\u00a0<\/p><p>\u00ab Elle avait soutenu, prot\u00e9g\u00e9, construit l\u2019homme, sans jamais r\u00e9clamer sa place. \u00bb<\/p><p>\u00a0<\/p><p>Elle aurait pu \u00e9crire. Elle aurait pu parler. Elle aurait pu construire son propre espace.<\/p><p>Mais elle a pr\u00e9f\u00e9r\u00e9 se taire. Rester dans son ombre. L\u2019aider \u00e0 briller.<\/p><p>Et cette lucidit\u00e9-l\u00e0 est terrible : Claire ne s\u2019est pas effac\u00e9e par faiblesse, mais par amour raisonn\u00e9.<\/p><p>\u00a0<\/p><p><strong>Claire, la m\u00e8re, le f\u00e9minisme au bord de la fracture<\/strong><\/p><p>Et quand l\u2019accusation de viol tombe sur son fils, Alexandre, c\u2019est tout son monde qui bascule.<\/p><p>Claire n\u2019est pas na\u00efve. Elle sait ce que signifie le mot viol.<\/p><p>Elle a d\u00e9fendu les victimes, elle a \u00e9crit sur ces sujets, elle conna\u00eet les m\u00e9canismes du patriarcat.<\/p><p>Mais maintenant, c\u2019est <em>son<\/em> fils. Et Mila, la victime, est la fille d\u2019Adam, l\u2019homme qu\u2019elle aime.<\/p><p>\u00a0<\/p><p>\u00ab Elle savait ce que signifiait le mot viol. Mais pouvait-elle l\u2019appliquer \u00e0 son propre fils ? \u00bb<\/p><p>Ce n\u2019est pas un renoncement id\u00e9ologique. C\u2019est un effondrement intime.<\/p><p>Un conflit impossible \u00e0 arbitrer entre son engagement, sa loyaut\u00e9, et son instinct maternel.<\/p><p>Elle ne nie pas. Elle ne trahit pas. Elle tient en elle l\u2019inconciliable.<\/p><p>Et dans ce flou, le f\u00e9minisme devient une douleur nue.<\/p>\t\t\t\t\t\t\t\t<\/div>\n\t\t\t\t<\/div>\n\t\t\t\t<div class=\"elementor-element elementor-element-d5adfa6 elementor-widget elementor-widget-heading\" data-id=\"d5adfa6\" data-element_type=\"widget\" data-e-type=\"widget\" data-widget_type=\"heading.default\">\n\t\t\t\t<div class=\"elementor-widget-container\">\n\t\t\t\t\t<h3 class=\"elementor-heading-title elementor-size-default\">Claire et Adam, l\u2019amour emp\u00each\u00e9, trop tard\u00a0\u00a0\u00a0\u00a0\u00a0\u00a0\u00a0\u00a0\u00a0<\/h3>\t\t\t\t<\/div>\n\t\t\t\t<\/div>\n\t\t\t\t<div class=\"elementor-element elementor-element-15afb72 elementor-widget elementor-widget-text-editor\" data-id=\"15afb72\" data-element_type=\"widget\" data-e-type=\"widget\" data-widget_type=\"text-editor.default\">\n\t\t\t\t<div class=\"elementor-widget-container\">\n\t\t\t\t\t\t\t\t\t<p>Et c\u2019est peut-\u00eatre dans sa relation avec Adam que Claire r\u00e9v\u00e8le le plus sa v\u00e9rit\u00e9.\u00a0<span style=\"font-style: inherit; font-weight: inherit; letter-spacing: 0.01em;\">Adam est tout ce que Jean n\u2019\u00e9tait pas : calme, droit, sinc\u00e8re, simple.\u00a0<\/span><span style=\"font-style: inherit; font-weight: inherit; letter-spacing: 0.01em;\">Un amour d\u2019adulte. D\u2019\u00e9gal \u00e0 \u00e9gale. Un amour enfin possible.\u00a0<\/span><span style=\"font-style: inherit; font-weight: inherit; letter-spacing: 0.01em;\">Mais il est le p\u00e8re de Mila.\u00a0<\/span><span style=\"font-style: inherit; font-weight: inherit; letter-spacing: 0.01em;\">Et Mila accuse Alexandre. E<\/span><span style=\"font-style: inherit; font-weight: inherit; letter-spacing: 0.01em;\">t tout devient impossible.<\/span><\/p><p>\u00a0<\/p><p>\u00ab L\u2019amour n\u2019avait pas disparu. Il s\u2019\u00e9tait simplement retir\u00e9 dans un endroit o\u00f9 plus rien ne pouvait l\u2019atteindre. \u00bb<\/p><p>Claire n\u2019abandonne pas cet amour. Elle le suspend.\u00a0<span style=\"font-style: inherit; font-weight: inherit; letter-spacing: 0.01em;\">Elle enterre la possibilit\u00e9 d\u2019un lien juste sous le poids du r\u00e9el.\u00a0<\/span><span style=\"font-style: inherit; font-weight: inherit; letter-spacing: 0.01em;\">Et ce geste-l\u00e0, silencieux, invisible, est peut-\u00eatre le plus bouleversant du roman.<\/span><\/p>\t\t\t\t\t\t\t\t<\/div>\n\t\t\t\t<\/div>\n\t\t\t\t<div class=\"elementor-element elementor-element-2b28208 elementor-widget elementor-widget-heading\" data-id=\"2b28208\" data-element_type=\"widget\" data-e-type=\"widget\" data-widget_type=\"heading.default\">\n\t\t\t\t<div class=\"elementor-widget-container\">\n\t\t\t\t\t<h3 class=\"elementor-heading-title elementor-size-default\">Fran\u00e7oise, personnage secondaire, mais faille universelle<\/h3>\t\t\t\t<\/div>\n\t\t\t\t<\/div>\n\t\t\t\t<div class=\"elementor-element elementor-element-116dff4 elementor-widget elementor-widget-text-editor\" data-id=\"116dff4\" data-element_type=\"widget\" data-e-type=\"widget\" data-widget_type=\"text-editor.default\">\n\t\t\t\t<div class=\"elementor-widget-container\">\n\t\t\t\t\t\t\t\t\t<p>Et puis, il y a Fran\u00e7oise.<\/p><p>Moins pr\u00e9sente, moins construite. Mais plus famili\u00e8re qu\u2019on ne le pense. Elle aussi est journaliste. Brillante. Discr\u00e8te. Elle n\u2019a jamais \u00e9t\u00e9 \u00ab\u00a0la femme de\u00a0\u00bb. Elle a \u00e9t\u00e9 l\u2019autre, l\u2019amante fid\u00e8le, disponible, jamais l\u00e9gitime. Elle est rest\u00e9e. M\u00eame quand Jean aurait pu la choisir, il ne l\u2019a pas fait. Il a pr\u00e9f\u00e9r\u00e9 une jeune femme, plus valorisante socialement. Et pourtant, il continue \u00e0 dire \u00e0 Fran\u00e7oise qu\u2019il l\u2019aime.<\/p><p>\u00ab Elle avait tout attendu. Et tout perdu. \u00bb<\/p><p>C\u2019est l\u00e0 que r\u00e9side la cruaut\u00e9 des hommes de pouvoir : ils ne mentent pas, ils promettent sans rien promettre. Ils laissent croire qu\u2019un jour\u2026 Mais ce jour-l\u00e0 n\u2019existe jamais. Fran\u00e7oise incarne la douleur des femmes invisibles, des femmes pas assez strat\u00e9giques, pas assez avantageuses, pas assez utiles \u00e0 la mise en sc\u00e8ne d\u2019un homme. Et malgr\u00e9 tout, elle reste fid\u00e8le. M\u00eame dans la maladie. M\u00eame dans l\u2019effacement.<\/p>\t\t\t\t\t\t\t\t<\/div>\n\t\t\t\t<\/div>\n\t\t\t\t<div class=\"elementor-element elementor-element-fb0faa2 elementor-widget elementor-widget-heading\" data-id=\"fb0faa2\" data-element_type=\"widget\" data-e-type=\"widget\" data-widget_type=\"heading.default\">\n\t\t\t\t<div class=\"elementor-widget-container\">\n\t\t\t\t\t<h3 class=\"elementor-heading-title elementor-size-default\">Aimer ceux qu\u2019on devrait ha\u00efr<\/h3>\t\t\t\t<\/div>\n\t\t\t\t<\/div>\n\t\t\t\t<div class=\"elementor-element elementor-element-99d82b2 elementor-widget elementor-widget-text-editor\" data-id=\"99d82b2\" data-element_type=\"widget\" data-e-type=\"widget\" data-widget_type=\"text-editor.default\">\n\t\t\t\t<div class=\"elementor-widget-container\">\n\t\t\t\t\t\t\t\t\t<p>Claire et Fran\u00e7oise ne sont pas faibles. Elles sont amoureuses. Et dans un monde fa\u00e7onn\u00e9 par et pour les hommes de pouvoir, cela suffit \u00e0 dissoudre l\u2019armure, m\u00eame la mieux forg\u00e9e. Elles incarnent un paradoxe que tant de femmes connaissent :<\/p><p>\u00eatre f\u00e9ministe, \u00eatre consciente, \u00eatre forte et tomber quand m\u00eame. Pas n\u2019importe comment. Tomber dans un amour qui vous nie, mais qu\u2019on ne quitte pas. Pas par ignorance. Par \u00e9puisement du combat. Par attachement. Par cette croyance d\u00e9sesp\u00e9r\u00e9e que l\u2019amour peut r\u00e9parer ce que le monde d\u00e9s\u00e9quilibre. Claire a aim\u00e9 sans illusions. Fran\u00e7oise a aim\u00e9 sans retour. Toutes deux ont attendu quelque chose qui ne viendrait jamais : la reconnaissance d\u2019un amour \u00e0 la hauteur de leur don.<\/p><p>Elles aiment des hommes qui les r\u00e9duisent, les ignorent ou les trahissent. Et elles restent. Pas parce qu\u2019elles ne voient pas. Mais parce qu\u2019elles ont trop aim\u00e9, en sachant tr\u00e8s bien. Et c\u2019est ce qui les rend bouleversantes. Pas leur faiblesse. Leur clairvoyance affective. Elles ont mis de la force l\u00e0 o\u00f9 il aurait fallu mettre une fronti\u00e8re. Et cette force s\u2019est retourn\u00e9e contre elles. Je me suis souvent demand\u00e9 comment on peut \u00eatre autant dans la ma\u00eetrise, et pourtant vaciller devant un homme. La r\u00e9ponse est l\u00e0.<\/p><p>Dans cette ligne invisible que Claire et Fran\u00e7oise incarnent : celle o\u00f9 l\u2019on cesse de se battre pour se faire aimer et o\u00f9 l\u2019on commence \u00e0 s\u2019ab\u00eemer pour ne pas \u00eatre quitt\u00e9e.<\/p><p>\u00a0<\/p>\t\t\t\t\t\t\t\t<\/div>\n\t\t\t\t<\/div>\n\t\t\t\t<div class=\"elementor-element elementor-element-a8f3eee elementor-widget elementor-widget-heading\" data-id=\"a8f3eee\" data-element_type=\"widget\" data-e-type=\"widget\" data-widget_type=\"heading.default\">\n\t\t\t\t<div class=\"elementor-widget-container\">\n\t\t\t\t\t<h2 class=\"elementor-heading-title elementor-size-default\">\u00a0Ce que ce roman dit de nous : pouvoir, justice et v\u00e9rit\u00e9 fabriqu\u00e9e<\/h2>\t\t\t\t<\/div>\n\t\t\t\t<\/div>\n\t\t\t\t<div class=\"elementor-element elementor-element-4e28cbe elementor-widget elementor-widget-text-editor\" data-id=\"4e28cbe\" data-element_type=\"widget\" data-e-type=\"widget\" data-widget_type=\"text-editor.default\">\n\t\t\t\t<div class=\"elementor-widget-container\">\n\t\t\t\t\t\t\t\t\t<p>Il y a dans <a href=\"https:\/\/www.gallimard.fr\/catalogue\/les-choses-humaines\/9782072729331\"><em>Les Choses humaines<\/em><\/a> un art de la pr\u00e9cision clinique.<\/p><p>Karine Tuil ne se contente pas de raconter une affaire de viol.<\/p><p>Elle diss\u00e8que un syst\u00e8me de l\u00e9gitimation, o\u00f9 la violence est \u00e9touff\u00e9e sous les apparences, les dipl\u00f4mes, les r\u00e9putations.<\/p><p>Et elle pose une question terrifiante : que vaut la v\u00e9rit\u00e9 quand elle d\u00e9range l\u2019ordre \u00e9tabli ?<\/p><p>Une justice qui ne dit pas ce qui est juste<\/p><p>Le proc\u00e8s est le c\u0153ur battant du livre.<\/p><p>Mais ce n\u2019est pas un lieu de v\u00e9rit\u00e9.<\/p><p>C\u2019est une sc\u00e8ne. Une chor\u00e9graphie. Un spectacle.<\/p><p>\u00ab On ne saura jamais ce qui s\u2019est pr\u00e9cis\u00e9ment pass\u00e9\u2026 Cela restera l\u2019objet de suppositions, de fantasmes, voire de fiction. \u00bb<\/p><p>Les r\u00f4les sont distribu\u00e9s : la victime doit convaincre. L\u2019accus\u00e9 doit \u00eatre cr\u00e9dible.<\/p><p>Mais la justice r\u00e9elle, celle qui interroge les silences, les regards, les r\u00e9flexes de domination, elle est absente.<\/p><p>Ce que Tuil montre avec une lucidit\u00e9 brutale, c\u2019est que la justice est travers\u00e9e de biais, de classe, de langage. Quand un jeune homme blanc, intelligent, sportif, fils d\u2019une \u00e9lite culturelle, est accus\u00e9, c\u2019est sa r\u00e9ussite qu\u2019on prot\u00e8ge, pas la souffrance de la plaignante.<\/p><p>\u00ab Alexandre est une bonne personne\u2026 pour vingt minutes d\u2019action. \u00bb<\/p><p>Le langage comme arme de l\u00e9gitimation<\/p><p>Tout le livre repose sur la ma\u00eetrise du langage.<\/p><p>Jean Farel sait parler. Alexandre sait s\u2019exprimer.<\/p><p>Ils ont le bon ton, les bons mots, les bonnes formules.<\/p><p>Et c\u2019est \u00e7a qui les sauve\u00a0 ou qui les disculpe.<\/p><p>Mila, elle, parle moins bien. Elle est en retrait.<\/p><p>Et dans un monde o\u00f9 le pouvoir se joue dans la parole, celle qui ne parle pas parfaitement est suspecte.<\/p><p>La phrase \u00ab\u00a0vingt minutes d\u2019action\u00a0\u00bb n\u2019est pas qu\u2019une insulte. C\u2019est un outil d\u2019inversion.<\/p><p>Elle transforme un viol en anecdote. Une agression en accident.<\/p><p>Elle montre que celui qui nomme a le pouvoir de red\u00e9finir la r\u00e9alit\u00e9.<\/p>\t\t\t\t\t\t\t\t<\/div>\n\t\t\t\t<\/div>\n\t\t\t\t<div class=\"elementor-element elementor-element-87c0ee5 elementor-widget elementor-widget-heading\" data-id=\"87c0ee5\" data-element_type=\"widget\" data-e-type=\"widget\" data-widget_type=\"heading.default\">\n\t\t\t\t<div class=\"elementor-widget-container\">\n\t\t\t\t\t<h3 class=\"elementor-heading-title elementor-size-default\">Les m\u00e9dias et les r\u00e9seaux : une deuxi\u00e8me salle d\u2019audience<\/h3>\t\t\t\t<\/div>\n\t\t\t\t<\/div>\n\t\t\t\t<div class=\"elementor-element elementor-element-7a66d41 elementor-widget elementor-widget-text-editor\" data-id=\"7a66d41\" data-element_type=\"widget\" data-e-type=\"widget\" data-widget_type=\"text-editor.default\">\n\t\t\t\t<div class=\"elementor-widget-container\">\n\t\t\t\t\t\t\t\t\t<p>Tuil montre aussi \u00e0 quel point l\u2019affaire ne se joue pas qu\u2019au tribunal.<\/p><p>Elle se joue dans les journaux. Sur les r\u00e9seaux. Dans l\u2019opinion.<\/p><p>La soci\u00e9t\u00e9 contemporaine a invent\u00e9 un tribunal parall\u00e8le : celui de Twitter.<\/p><p>Et il est sans piti\u00e9.<\/p><p>Mais il est aussi profond\u00e9ment in\u00e9gal : ceux qui savent s\u2019y d\u00e9fendre les riches, les \u00e9loquents, les strat\u00e8ges s\u2019en sortent.<\/p><p>Les autres s\u2019effondrent dans le silence ou la diffamation.<\/p><p>Le viol comme r\u00e9v\u00e9lateur de l\u2019ordre social<\/p><p>Le viol n\u2019est pas un accident.<\/p><p>Ce n\u2019est pas une sortie de route.<\/p><p>C\u2019est un r\u00e9v\u00e9lateur.<\/p><p>Il r\u00e9v\u00e8le ce que la soci\u00e9t\u00e9 veut taire :<\/p><ul><li>Que le consentement n\u2019est pas clair parce qu\u2019on n\u2019a jamais appris \u00e0 le formuler.<\/li><li>Que le doute b\u00e9n\u00e9ficie toujours au puissant.<\/li><li>Que la violence sexuelle est une structure sociale, pas une d\u00e9rive individuelle.<\/li><\/ul><p>Le viol de Mila, c\u2019est celui que tant d\u2019autres femmes ont v\u00e9cu sans cam\u00e9ra, sans proc\u00e8s, sans phrase choc.<\/p><p>Mais avec la m\u00eame tentative de disqualification, de minimisation, de retournement.<\/p>\t\t\t\t\t\t\t\t<\/div>\n\t\t\t\t<\/div>\n\t\t\t\t<div class=\"elementor-element elementor-element-5dd2ffb elementor-widget elementor-widget-heading\" data-id=\"5dd2ffb\" data-element_type=\"widget\" data-e-type=\"widget\" data-widget_type=\"heading.default\">\n\t\t\t\t<div class=\"elementor-widget-container\">\n\t\t\t\t\t<h2 class=\"elementor-heading-title elementor-size-default\">Et nous, que faisons-nous de tout \u00e7a ?<\/h2>\t\t\t\t<\/div>\n\t\t\t\t<\/div>\n\t\t\t\t<div class=\"elementor-element elementor-element-1a3cfb7 elementor-widget elementor-widget-text-editor\" data-id=\"1a3cfb7\" data-element_type=\"widget\" data-e-type=\"widget\" data-widget_type=\"text-editor.default\">\n\t\t\t\t<div class=\"elementor-widget-container\">\n\t\t\t\t\t\t\t\t\t<p>Ce roman ne permet pas de sortir indemne. Il nous pousse \u00e0 regarder nos propres biais :<\/p><p>Qui croyons-nous ? Pourquoi ? Comment avons-nous \u00e9t\u00e9 format\u00e9.es pour trouver un accus\u00e9 \u201ccr\u00e9dible\u201d ou une victime \u201cfloue\u201d ? Il nous confronte \u00e0 notre fascination pour les hommes puissants. \u00c0 notre tol\u00e9rance tacite pour leurs \u00e9carts. \u00c0 notre silence parfois complice. Et surtout, il nous rappelle ceci : la v\u00e9rit\u00e9 ne se donne pas. Elle se construit, elle se conteste, elle se d\u00e9fend.<\/p><p>Je referme ce roman comme on ferme une plaie qu\u2019on aurait longtemps regard\u00e9e \u00e0 vif. Il ne m\u2019a pas laiss\u00e9e indemne. Peut-\u00eatre parce qu\u2019il parle d\u2019un sujet qui me traverse depuis toujours : la justice. Pas seulement comme institution. Mais comme obsession intime. Est-ce un hasard si c\u2019\u00e9tait mon sujet de bac philo ?<\/p><p>Peut-on d\u00e9sirer une justice universelle quand tout, autour de nous, est biais\u00e9, socialis\u00e9, hi\u00e9rarchis\u00e9 ? Et puis il y a cette autre question, que je n\u2019ai jamais quitt\u00e9e : <em>autrui<\/em>.<\/p><p>Qui est-il ? Ne peut-on jamais vraiment le comprendre ? Le croire ? L\u2019aimer sans se tromper ? Est-ce un hasard si c\u2019\u00e9tait mon th\u00e8me de culture g\u00e9n\u00e9rale en pr\u00e9pa ? Ou juste la preuve que certaines failles ne nous quittent jamais, parce qu\u2019elles fondent notre mani\u00e8re d\u2019\u00eatre au monde ?<\/p>\t\t\t\t\t\t\t\t<\/div>\n\t\t\t\t<\/div>\n\t\t\t\t<div class=\"elementor-element elementor-element-27cdc18 elementor-view-default elementor-widget elementor-widget-icon\" data-id=\"27cdc18\" data-element_type=\"widget\" data-e-type=\"widget\" data-widget_type=\"icon.default\">\n\t\t\t\t<div class=\"elementor-widget-container\">\n\t\t\t\t\t\t\t<div class=\"elementor-icon-wrapper\">\n\t\t\t<div class=\"elementor-icon elementor-animation-grow\">\n\t\t\t<i aria-hidden=\"true\" class=\"fas fa-quote-left\"><\/i>\t\t\t<\/div>\n\t\t<\/div>\n\t\t\t\t\t\t<\/div>\n\t\t\t\t<\/div>\n\t\t\t\t<div class=\"elementor-element elementor-element-8f753bc elementor-widget elementor-widget-testimonial\" data-id=\"8f753bc\" data-element_type=\"widget\" data-e-type=\"widget\" data-widget_type=\"testimonial.default\">\n\t\t\t\t<div class=\"elementor-widget-container\">\n\t\t\t\t\t\t\t<div class=\"elementor-testimonial-wrapper\">\n\t\t\t\t\t\t\t<div class=\"elementor-testimonial-content\">Le fait est que comprendre les autres n'est pas la r\u00e8gle dans la vie. L'histoire de la vie, c'est de se tromper sur leur compte, encore et encore, encore et toujours, avec acharnement et, apr\u00e8s y avoir bien r\u00e9fl\u00e9chi, se tromper \u00e0 nouveau.\n\nC'est m\u00eame comme \u00e7a qu'on sait qu'on est vivant : on se trompe.<\/div>\n\t\t\t\n\t\t\t\t\t\t<div class=\"elementor-testimonial-meta\">\n\t\t\t\t<div class=\"elementor-testimonial-meta-inner\">\n\t\t\t\t\t\n\t\t\t\t\t\t\t\t\t\t<div class=\"elementor-testimonial-details\">\n\t\t\t\t\t\t\t\t\t\t\t\t\t\t<div class=\"elementor-testimonial-name\">Philip Roth<\/div>\n\t\t\t\t\t\t\t\t\t\t\t\t\t\t\t\t\t\t\t\t\t\t<div class=\"elementor-testimonial-job\">Pastorale am\u00e9ricaine<\/div>\n\t\t\t\t\t\t\t\t\t\t\t\t\t<\/div>\n\t\t\t\t\t\t\t\t\t<\/div>\n\t\t\t<\/div>\n\t\t\t\t\t<\/div>\n\t\t\t\t\t\t<\/div>\n\t\t\t\t<\/div>\n\t\t\t\t<div class=\"elementor-element elementor-element-4931d7c elementor-widget elementor-widget-text-editor\" data-id=\"4931d7c\" data-element_type=\"widget\" data-e-type=\"widget\" data-widget_type=\"text-editor.default\">\n\t\t\t\t<div class=\"elementor-widget-container\">\n\t\t\t\t\t\t\t\t\t<p>Je pense \u00e0 Mila.<\/p><p>\u00c0 toutes les Mila.<\/p><p>Celles qu\u2019on ne croit pas parce qu\u2019elles ne parlent pas bien, pas assez fort, pas au bon moment.<\/p><p>Celles qu\u2019on abandonne \u00e0 leurs silences.<\/p><p>Et celles qu\u2019on abandonne \u00e0 leurs cris.<\/p><p>Et je pense \u00e0 moi.<\/p><p>En tant que femme.<\/p><p>En tant que m\u00e8re.<\/p><p>En tant que f\u00e9ministe.<\/p><p>Et j\u2019avoue qu\u2019une peur plus sourde me traverse : Mila, c\u2019est aussi le pr\u00e9nom de ma fille. Ma premi\u00e8re.<\/p><p>Et soudain, la fiction devient plus qu\u2019un miroir.<\/p><p>Elle devient une alerte, une ombre qui s\u2019allonge : et si c\u2019\u00e9tait elle ?<\/p><p>Et si demain, elle devait dire sans \u00eatre crue ? Ou se d\u00e9fendre sans qu\u2019on l\u2019\u00e9coute ?<\/p><p>Je pense \u00e0 Claire.<\/p><p>Je pense \u00e0 Fran\u00e7oise, la secondaire.<\/p><p>\u00c0 toutes les femmes fortes qu\u2019on pense in\u00e9branlables et qu\u2019on blesse plus facilement parce qu\u2019elles \u00ab\u00a0s\u2019en remettront\u00a0\u00bb.<\/p><p>\u00c0 toutes celles qui, comme moi, ont un jour \u00e9t\u00e9 trait\u00e9es comme \u00ab\u00a0faciles \u00e0 quitter\u00a0\u00bb, \u00ab\u00a0faciles \u00e0 blesser\u00a0\u00bb, justement parce qu\u2019elles \u00e9taient r\u00e9silientes.<\/p><p>Mais \u00eatre forte n\u2019efface pas la douleur.<\/p><p>\u00catre f\u00e9ministe ne prot\u00e8ge pas de l\u2019amour.<\/p><p>Et avoir tout compris ne pr\u00e9serve pas de l\u2019ab\u00eeme.<\/p><p><em>\u00ab On naissait, on mourait ; entre les deux, avec un peu de chance, on aimait, on \u00e9tait aim\u00e9, cela ne durait pas, t\u00f4t ou tard, on finissait par \u00eatre remplac\u00e9.<\/em><\/p><p><em>Il n\u2019y avait pas \u00e0 se r\u00e9volter, c\u2019\u00e9tait le cours invariable des choses humaines. \u00bb Spoiler phrase de fin<\/em><\/p><p>Et pourtant\u2026<\/p><p>Je n\u2019arrive pas \u00e0 m\u2019y r\u00e9signer.<\/p><p>C\u2019est peut-\u00eatre pour \u00e7a que j\u2019ai \u00e9crit \u00ab\u00a0<a href=\"https:\/\/www.amazon.fr\/dp\/B0BVV549ZH?tag=taniagombert-21\/ref=tmm_pap_swatch_0\"><em>Le monde est injuste, et alors ?\u00a0<\/em><\/a><em>\u00bb<\/em><\/p><p>Parce que je refuse l\u2019acceptation molle.<\/p><p>Parce que comprendre ne doit pas nous emp\u00eacher d\u2019agir.<\/p><p>Parce que m\u00eame si la justice est imparfaite, m\u00eame si l\u2019amour nous trahit, m\u00eame si les puissants gagnent souvent, il reste ce que nous d\u00e9cidons d\u2019\u00e9crire, de dire, de transmettre.<\/p><p><em>Les Choses humaines<\/em> ne sauve personne.<\/p><p>Mais il oblige \u00e0 voir.<\/p><p>Et pour moi, c\u2019est d\u00e9j\u00e0 beaucoup.<\/p>\t\t\t\t\t\t\t\t<\/div>\n\t\t\t\t<\/div>\n\t\t\t\t<div class=\"elementor-element elementor-element-b07ade9 elementor-widget elementor-widget-text-editor\" data-id=\"b07ade9\" data-element_type=\"widget\" data-e-type=\"widget\" data-widget_type=\"text-editor.default\">\n\t\t\t\t<div class=\"elementor-widget-container\">\n\t\t\t\t\t\t\t\t\t<p>#LesChosesHumaines #Amour #feminisme #lecture #soci\u00e9t\u00e9 #Relation #consentement\u00a0<\/p>\t\t\t\t\t\t\t\t<\/div>\n\t\t\t\t<\/div>\n\t\t\t\t\t<\/div>\n\t\t<\/div>\n\t\t\t\t\t<\/div>\n\t\t<\/section>\n\t\t\t\t<section class=\"elementor-section elementor-top-section elementor-element elementor-element-7df3b2b elementor-section-boxed elementor-section-height-default elementor-section-height-default\" data-id=\"7df3b2b\" data-element_type=\"section\" data-e-type=\"section\" data-settings=\"{&quot;background_background&quot;:&quot;classic&quot;}\">\n\t\t\t\t\t\t<div class=\"elementor-container elementor-column-gap-default\">\n\t\t\t\t\t<div class=\"elementor-column elementor-col-100 elementor-top-column elementor-element elementor-element-f07f07b\" data-id=\"f07f07b\" data-element_type=\"column\" data-e-type=\"column\">\n\t\t\t<div class=\"elementor-widget-wrap elementor-element-populated\">\n\t\t\t\t\t\t<div class=\"elementor-element elementor-element-4802df8 elementor-widget elementor-widget-post-navigation\" data-id=\"4802df8\" data-element_type=\"widget\" data-e-type=\"widget\" data-widget_type=\"post-navigation.default\">\n\t\t\t\t<div class=\"elementor-widget-container\">\n\t\t\t\t\t \t\t\t\t<\/div>\n\t\t\t\t<\/div>\n\t\t\t\t\t<\/div>\n\t\t<\/div>\n\t\t\t\t\t<\/div>\n\t\t<\/section>\n\t\t\t\t<section class=\"elementor-section elementor-top-section elementor-element elementor-element-48a1545 elementor-section-full_width elementor-section-height-default elementor-section-height-default\" data-id=\"48a1545\" data-element_type=\"section\" data-e-type=\"section\" data-settings=\"{&quot;background_background&quot;:&quot;classic&quot;}\">\n\t\t\t\t\t\t<div class=\"elementor-container elementor-column-gap-default\">\n\t\t\t\t\t<div class=\"elementor-column elementor-col-100 elementor-top-column elementor-element elementor-element-0692984\" data-id=\"0692984\" data-element_type=\"column\" data-e-type=\"column\">\n\t\t\t<div class=\"elementor-widget-wrap elementor-element-populated\">\n\t\t\t\t\t\t<div class=\"elementor-element elementor-element-c7afb31 elementor-widget elementor-widget-posts\" data-id=\"c7afb31\" data-element_type=\"widget\" data-e-type=\"widget\" data-widget_type=\"posts.cards\">\n\t\t\t\t<div class=\"elementor-widget-container\">\n\t\t\t\t\t \t\t\t\t<\/div>\n\t\t\t\t<\/div>\n\t\t\t\t\t<\/div>\n\t\t<\/div>\n\t\t\t\t\t<\/div>\n\t\t<\/section>\n\t\t\t\t<\/div>\n\t\t","protected":false},"excerpt":{"rendered":"<p>Un viol. Un proc\u00e8s. Une soci\u00e9t\u00e9 qui pr\u00e9f\u00e8re les apparences \u00e0 la v\u00e9rit\u00e9. Karine Tuil, dans Les Choses humaines, diss\u00e8que bien plus qu\u2019un fait divers : elle r\u00e9v\u00e8le les silences d\u2019un monde fa\u00e7onn\u00e9 par le pouvoir masculin, les compromis familiaux, et la violence sociale des privil\u00e8ges. Ce roman m\u2019a percut\u00e9e. Parce qu\u2019il parle de justice, de f\u00e9minisme, de m\u00e8res qu\u2019on croit fortes, et d\u2019amours qu\u2019on n\u2019arrive pas \u00e0 quitter. Parce que Mila, celle \u00e0 qui tout arrive, c\u2019est aussi le pr\u00e9nom de ma fille.<\/p>\n","protected":false},"author":1,"featured_media":1794,"comment_status":"open","ping_status":"open","sticky":false,"template":"","format":"standard","meta":{"zakra_general_container_width":0,"zakra_general_content_width":0,"zakra_general_sidebar_width":0,"zakra_sticky_header":"customizer","zakra_header_main_area":true,"zakra_site_logo_width":0,"zakra_header_top_enabled":"customizer","zakra_header_top_style":"customizer","zakra_primary_menu_item_style":"customizer","zakra_page_header_text_color":"","zakra_page_header_layout":"customizer","zakra_page_title_bg":"","zakra_footer_widgets_bg_image":0,"zakra_page_title_bg_repeat":"customizer","zakra_page_title_bg_position":"customizer","zakra_page_title_bg_size":"customizer","zakra_page_title_bg_attachment":"customizer","zakra_breadcrumbs_enabled":"customizer","zakra_breadcrumbs_text_color":"","zakra_breadcrumbs_separator_color":"","zakra_breadcrumbs_link_color":"","zakra_breadcrumbs_link_hover_color":"","zakra_page_title_bg_image":0,"zakra_footer_widgets_enabled":"customizer","zakra_footer_column_layout_1_style":"customizer","zakra_footer_widgets_bg":"","zakra_footer_widgets_bg_repeat":"customizer","zakra_footer_widgets_bg_position":"customizer","zakra_footer_widgets_bg_size":"customizer","zakra_footer_widgets_bg_attachment":"customizer","zakra_footer_bar_enabled":"customizer","zakra_footer_bar_style":"customizer","zakra_page_container_layout":"customizer","zakra_page_sidebar_layout":"customizer","zakra_remove_content_margin":false,"zakra_sidebar":"customizer","zakra_transparent_header":"customizer","zakra_logo":0,"zakra_main_header_style":"default","zakra_menu_item_color":"","zakra_menu_item_hover_color":"","zakra_menu_item_active_color":"","zakra_menu_active_style":"","zakra_page_header":true,"om_disable_all_campaigns":false,"_uf_show_specific_survey":0,"_uf_disable_surveys":false,"footnotes":""},"categories":[9,7,6],"tags":[],"class_list":["post-3351","post","type-post","status-publish","format-standard","has-post-thumbnail","hentry","category-boulemielecture","category-feminisme","category-motsamaux"],"aioseo_notices":[],"_links":{"self":[{"href":"https:\/\/taniagombert.com\/index.php\/wp-json\/wp\/v2\/posts\/3351","targetHints":{"allow":["GET"]}}],"collection":[{"href":"https:\/\/taniagombert.com\/index.php\/wp-json\/wp\/v2\/posts"}],"about":[{"href":"https:\/\/taniagombert.com\/index.php\/wp-json\/wp\/v2\/types\/post"}],"author":[{"embeddable":true,"href":"https:\/\/taniagombert.com\/index.php\/wp-json\/wp\/v2\/users\/1"}],"replies":[{"embeddable":true,"href":"https:\/\/taniagombert.com\/index.php\/wp-json\/wp\/v2\/comments?post=3351"}],"version-history":[{"count":43,"href":"https:\/\/taniagombert.com\/index.php\/wp-json\/wp\/v2\/posts\/3351\/revisions"}],"predecessor-version":[{"id":4747,"href":"https:\/\/taniagombert.com\/index.php\/wp-json\/wp\/v2\/posts\/3351\/revisions\/4747"}],"wp:featuredmedia":[{"embeddable":true,"href":"https:\/\/taniagombert.com\/index.php\/wp-json\/wp\/v2\/media\/1794"}],"wp:attachment":[{"href":"https:\/\/taniagombert.com\/index.php\/wp-json\/wp\/v2\/media?parent=3351"}],"wp:term":[{"taxonomy":"category","embeddable":true,"href":"https:\/\/taniagombert.com\/index.php\/wp-json\/wp\/v2\/categories?post=3351"},{"taxonomy":"post_tag","embeddable":true,"href":"https:\/\/taniagombert.com\/index.php\/wp-json\/wp\/v2\/tags?post=3351"}],"curies":[{"name":"wp","href":"https:\/\/api.w.org\/{rel}","templated":true}]}}