{"id":3764,"date":"2025-03-08T08:48:20","date_gmt":"2025-03-08T06:48:20","guid":{"rendered":"https:\/\/taniagombert.com\/?p=3764"},"modified":"2025-11-01T14:14:42","modified_gmt":"2025-11-01T12:14:42","slug":"en-avant-mars-avancer-face-au-backlash","status":"publish","type":"post","link":"https:\/\/taniagombert.com\/index.php\/2025\/03\/08\/en-avant-mars-avancer-face-au-backlash\/","title":{"rendered":"En avant Mars : avancer face au backlash"},"content":{"rendered":"\t\t<div data-elementor-type=\"wp-post\" data-elementor-id=\"3764\" class=\"elementor elementor-3764\">\n\t\t\t\t\t\t<section class=\"elementor-section elementor-top-section elementor-element elementor-element-eef5cfb elementor-section-boxed elementor-section-height-default elementor-section-height-default\" data-id=\"eef5cfb\" data-element_type=\"section\" data-e-type=\"section\" data-settings=\"{&quot;background_background&quot;:&quot;classic&quot;}\">\n\t\t\t\t\t\t<div class=\"elementor-container elementor-column-gap-default\">\n\t\t\t\t\t<div class=\"elementor-column elementor-col-100 elementor-top-column elementor-element elementor-element-1434dba\" data-id=\"1434dba\" data-element_type=\"column\" data-e-type=\"column\">\n\t\t\t<div class=\"elementor-widget-wrap elementor-element-populated\">\n\t\t\t\t\t\t<div class=\"elementor-element elementor-element-ee0f122 elementor-widget elementor-widget-heading\" data-id=\"ee0f122\" data-element_type=\"widget\" data-e-type=\"widget\" data-widget_type=\"heading.default\">\n\t\t\t\t<div class=\"elementor-widget-container\">\n\t\t\t\t\t<h1 class=\"elementor-heading-title elementor-size-default\">En avant Mars : avancer face au backlash<\/h1>\t\t\t\t<\/div>\n\t\t\t\t<\/div>\n\t\t\t\t\t<\/div>\n\t\t<\/div>\n\t\t\t\t\t<\/div>\n\t\t<\/section>\n\t\t\t\t<section class=\"elementor-section elementor-top-section elementor-element elementor-element-a2b09df elementor-section-boxed elementor-section-height-default elementor-section-height-default\" data-id=\"a2b09df\" data-element_type=\"section\" data-e-type=\"section\" data-settings=\"{&quot;background_background&quot;:&quot;classic&quot;}\">\n\t\t\t\t\t\t<div class=\"elementor-container elementor-column-gap-default\">\n\t\t\t\t\t<div class=\"elementor-column elementor-col-50 elementor-top-column elementor-element elementor-element-1853f49\" data-id=\"1853f49\" data-element_type=\"column\" data-e-type=\"column\">\n\t\t\t<div class=\"elementor-widget-wrap elementor-element-populated\">\n\t\t\t\t\t\t<div class=\"elementor-element elementor-element-18ae654 elementor-widget__width-initial elementor-widget elementor-widget-image\" data-id=\"18ae654\" data-element_type=\"widget\" data-e-type=\"widget\" data-widget_type=\"image.default\">\n\t\t\t\t<div class=\"elementor-widget-container\">\n\t\t\t\t\t\t\t\t\t\t\t\t\t\t\t<img decoding=\"async\" src=\"https:\/\/taniagombert.com\/wp-content\/uploads\/2025\/10\/En-avant-mars.mov\" title=\"\" alt=\"\" loading=\"lazy\" \/>\t\t\t\t\t\t\t\t\t\t\t\t\t\t\t<\/div>\n\t\t\t\t<\/div>\n\t\t\t\t<div class=\"elementor-element elementor-element-f42c018 elementor-widget__width-initial elementor-widget elementor-widget-video\" data-id=\"f42c018\" data-element_type=\"widget\" data-e-type=\"widget\" data-settings=\"{&quot;video_type&quot;:&quot;hosted&quot;,&quot;autoplay&quot;:&quot;yes&quot;,&quot;loop&quot;:&quot;yes&quot;,&quot;controls&quot;:&quot;yes&quot;}\" data-widget_type=\"video.default\">\n\t\t\t\t<div class=\"elementor-widget-container\">\n\t\t\t\t\t\t\t<div class=\"e-hosted-video elementor-wrapper elementor-open-inline\">\n\t\t\t\t\t<video class=\"elementor-video\" src=\"https:\/\/taniagombert.com\/wp-content\/uploads\/2025\/10\/En-avant-mars.mov\" autoplay=\"\" loop=\"\" controls=\"\" controlsList=\"nodownload\"><\/video>\n\t\t\t\t<\/div>\n\t\t\t\t\t\t<\/div>\n\t\t\t\t<\/div>\n\t\t\t\t\t<\/div>\n\t\t<\/div>\n\t\t\t\t<div class=\"elementor-column elementor-col-50 elementor-top-column elementor-element elementor-element-3dd0fc7\" data-id=\"3dd0fc7\" data-element_type=\"column\" data-e-type=\"column\">\n\t\t\t<div class=\"elementor-widget-wrap elementor-element-populated\">\n\t\t\t\t\t\t<div class=\"elementor-element elementor-element-bede8b3 elementor-widget elementor-widget-text-editor\" data-id=\"bede8b3\" data-element_type=\"widget\" data-e-type=\"widget\" data-widget_type=\"text-editor.default\">\n\t\t\t\t<div class=\"elementor-widget-container\">\n\t\t\t\t\t\t\t\t\t<p>\u00ab En avant Mars parce qu\u2019on refuse de reculer \u00bb. Trente ans apr\u00e8s la D\u00e9claration de P\u00e9kin qui promettait un avenir plus \u00e9galitaire pour les femmes et les filles, le constat est saisissant : les droits des femmes ne sont pas simplement stagnants, ils reculent, dans de nombreux endroits du monde. Ce n\u2019est plus une lente progression avec des obstacles : c\u2019est une <strong data-start=\"669\" data-end=\"690\">r\u00e9gression active<\/strong>, un v\u00e9ritable retour en arri\u00e8re de l\u2019autonomie, de la dignit\u00e9 et de la libert\u00e9 des femmes. Face \u00e0 ce recul global, l\u2019urgence est plus forte que jamais : nous devons le nommer, le comprendre, et surtout y r\u00e9pondre. Parce que l\u2019\u00e9galit\u00e9 n\u2019est pas quelque chose que l\u2019on obtient une fois pour toutes ; elle se construit, se d\u00e9fend, se transmet.<\/p>\t\t\t\t\t\t\t\t<\/div>\n\t\t\t\t<\/div>\n\t\t\t\t\t<\/div>\n\t\t<\/div>\n\t\t\t\t\t<\/div>\n\t\t<\/section>\n\t\t\t\t<section class=\"elementor-section elementor-top-section elementor-element elementor-element-e181d91 elementor-section-boxed elementor-section-height-default elementor-section-height-default\" data-id=\"e181d91\" data-element_type=\"section\" data-e-type=\"section\" data-settings=\"{&quot;background_background&quot;:&quot;slideshow&quot;,&quot;background_slideshow_gallery&quot;:[{&quot;id&quot;:3638,&quot;url&quot;:&quot;https:\\\/\\\/taniagombert.com\\\/wp-content\\\/uploads\\\/2025\\\/05\\\/Paper_09.png&quot;}],&quot;background_slideshow_loop&quot;:&quot;yes&quot;,&quot;background_slideshow_slide_duration&quot;:5000,&quot;background_slideshow_slide_transition&quot;:&quot;fade&quot;,&quot;background_slideshow_transition_duration&quot;:500}\">\n\t\t\t\t\t\t\t<div class=\"elementor-background-overlay\"><\/div>\n\t\t\t\t\t\t\t<div class=\"elementor-container elementor-column-gap-default\">\n\t\t\t\t\t<div class=\"elementor-column elementor-col-100 elementor-top-column elementor-element elementor-element-d184dfa\" data-id=\"d184dfa\" data-element_type=\"column\" data-e-type=\"column\">\n\t\t\t<div class=\"elementor-widget-wrap elementor-element-populated\">\n\t\t\t\t\t\t<div class=\"elementor-element elementor-element-d1cf99c elementor-widget elementor-widget-heading\" data-id=\"d1cf99c\" data-element_type=\"widget\" data-e-type=\"widget\" data-widget_type=\"heading.default\">\n\t\t\t\t<div class=\"elementor-widget-container\">\n\t\t\t\t\t<h2 class=\"elementor-heading-title elementor-size-default\">Un recul global et chiffr\u00e9 de l\u2019autonomie des femmes<\/h2>\t\t\t\t<\/div>\n\t\t\t\t<\/div>\n\t\t\t\t<div class=\"elementor-element elementor-element-32d5426 elementor-widget elementor-widget-text-editor\" data-id=\"32d5426\" data-element_type=\"widget\" data-e-type=\"widget\" data-widget_type=\"text-editor.default\">\n\t\t\t\t<div class=\"elementor-widget-container\">\n\t\t\t\t\t\t\t\t\t<p data-start=\"99\" data-end=\"328\">Les donn\u00e9es les plus r\u00e9centes de l\u2019UN Women et de la United Nations Statistics Division (rapport <em data-start=\"1196\" data-end=\"1218\">Gender Snapshot 2025<\/em>) dessinent un tableau alarmant : si les tendances actuelles se poursuivent, plus de <strong data-start=\"1303\" data-end=\"1404\">351 millions de femmes et de filles pourraient rester prises dans une extr\u00eame pauvret\u00e9 d\u2019ici 2030<\/strong>. (Voir le rapport complet ici : <a class=\"decorated-link\" href=\"https:\/\/unstats.un.org\/sdgs\/gender-snapshot\/2025\/GenderSnapshot2025.pdf?utm_source=chatgpt.com\" target=\"_new\" rel=\"noopener\" data-start=\"1437\" data-end=\"1583\">https:\/\/unstats.un.org\/sdgs\/gender-snapshot\/2025\/GenderSnapshot2025.pdf<\/a>) De plus, seulement <strong data-start=\"1604\" data-end=\"1749\">56,3 % des femmes \u00e2g\u00e9es de 15 \u00e0 49 ans mari\u00e9es ou en union disposent d\u2019un pouvoir de d\u00e9cision complet sur leur sant\u00e9 sexuelle et reproductive<\/strong>, selon les donn\u00e9es de 78 pays. (Idem) Cela signifie concr\u00e8tement que dans la grande majorit\u00e9 des contextes, les femmes n\u2019ont pas les pleins pouvoirs pour d\u00e9cider de leur \u00e9ducation, de leur corps, de leur avenir. Ce recul quantitatif est donc aussi un recul qualitatif : il ne s\u2019agit plus seulement d\u2019esp\u00e9rer l\u2019\u00e9galit\u00e9, mais de se battre pour la survie sociale, \u00e9conomique, politique. Si le pouvoir de d\u00e9cider \u00e9chappe aux femmes, comment peut\u2010on v\u00e9ritablement revendiquer des droits ? Ce n\u2019est pas une question de \u00ab petites am\u00e9liorations \u00bb, mais bien de fondement : l\u2019autonomie des femmes comme condition de l\u2019\u00e9galit\u00e9.<\/p>\t\t\t\t\t\t\t\t<\/div>\n\t\t\t\t<\/div>\n\t\t\t\t<div class=\"elementor-element elementor-element-93e108e elementor-widget elementor-widget-heading\" data-id=\"93e108e\" data-element_type=\"widget\" data-e-type=\"widget\" data-widget_type=\"heading.default\">\n\t\t\t\t<div class=\"elementor-widget-container\">\n\t\t\t\t\t<h2 class=\"elementor-heading-title elementor-size-default\">Les violences, partout et sous toutes formes<\/h2>\t\t\t\t<\/div>\n\t\t\t\t<\/div>\n\t\t\t\t<div class=\"elementor-element elementor-element-1fbf937 elementor-widget elementor-widget-text-editor\" data-id=\"1fbf937\" data-element_type=\"widget\" data-e-type=\"widget\" data-widget_type=\"text-editor.default\">\n\t\t\t\t<div class=\"elementor-widget-container\">\n\t\t\t\t\t\t\t\t\t<p data-start=\"2427\" data-end=\"3858\">Les violences faites aux femmes constituent l\u2019un des marqueurs les plus criants de ce recul, de ce backlash contre l\u2019\u00e9galit\u00e9. Selon l\u2019UN Women, \u00ab le genre influe lourdement sur le fait de vivre ou non la violence en contexte de conflit \u00bb. (source : <a class=\"decorated-link\" href=\"https:\/\/www.unwomen.org\/en\/articles\/facts-and-figures\/facts-and-figures-women-peace-and-security?utm_source=chatgpt.com\" target=\"_new\" rel=\"noopener\" data-start=\"2676\" data-end=\"2872\">https:\/\/www.unwomen.org\/en\/articles\/facts-and-figures\/facts-and-figures-women-peace-and-security<\/a>) En 2023, les cas de violence sexuelle li\u00e9s aux conflits ont augment\u00e9 de <strong data-start=\"2946\" data-end=\"2954\">50 %<\/strong> par rapport \u00e0 l\u2019ann\u00e9e pr\u00e9c\u00e9dente. (Voir article AP News) Et plus de <strong data-start=\"3023\" data-end=\"3074\">95 % des victimes sont des femmes et des filles<\/strong>. Ces violences ne sont pas des actes isol\u00e9s : elles sont syst\u00e9matiques, institutionnalis\u00e9es dans des structures qui tol\u00e8rent, minimisent ou ignorent les r\u00e9cits des victimes. Par ailleurs, des t\u00e9moignages \u00e9mergent : femmes s\u00e9questr\u00e9es pour produire des ovules, trait\u00e9es comme des \u00ab ressources \u00bb \u2013 cela d\u00e9passe la fiction, c\u2019est la r\u00e9alit\u00e9 de notre monde. Ce type de violence ne doit pas \u00eatre rel\u00e9gu\u00e9 au rang de \u00ab dommages collat\u00e9raux \u00bb : c\u2019est un sympt\u00f4me direct du recul des droits et de la dignit\u00e9 des femmes. Il s\u2019inscrit dans un contexte global o\u00f9 la vuln\u00e9rabilit\u00e9 des femmes est exacerb\u00e9e par les crises, les conflits, et la mont\u00e9e du conservatisme. Le backlash s\u2019exprime aussi dans le mat\u00e9riel, dans la terreur physique, dans la n\u00e9gation d\u2019espaces de protection pour les femmes.<\/p>\t\t\t\t\t\t\t\t<\/div>\n\t\t\t\t<\/div>\n\t\t\t\t<div class=\"elementor-element elementor-element-2d59a94 elementor-widget elementor-widget-heading\" data-id=\"2d59a94\" data-element_type=\"widget\" data-e-type=\"widget\" data-widget_type=\"heading.default\">\n\t\t\t\t<div class=\"elementor-widget-container\">\n\t\t\t\t\t<h2 class=\"elementor-heading-title elementor-size-default\">Les droits reproductifs et le corps des femmes : un terrain de bataille<\/h2>\t\t\t\t<\/div>\n\t\t\t\t<\/div>\n\t\t\t\t<div class=\"elementor-element elementor-element-360cfa0 elementor-widget elementor-widget-text-editor\" data-id=\"360cfa0\" data-element_type=\"widget\" data-e-type=\"widget\" data-widget_type=\"text-editor.default\">\n\t\t\t\t<div class=\"elementor-widget-container\">\n\t\t\t\t\t\t\t\t\t<p data-start=\"3945\" data-end=\"4178\">Le corps des femmes est devenu l\u2019un des terrains de bataille majeurs du XXI\u1d49 si\u00e8cle. Le droit \u00e0 l\u2019\u00e9ducation, \u00e0 l\u2019emploi, \u00e0 la parole publique, \u00e0 disposer de son corps sans contrainte : tout cela est remis en cause dans de nombreux pays. Dans certains contextes, comme en Afghanistan, les femmes sont purement exclues de la citoyennet\u00e9 : \u00e9ducation refus\u00e9e, travail interdit, parole publique supprim\u00e9e. Dans d\u2019autres, comme en Iran, d\u00e9fier le port du voile peut mettre la vie en danger. Aux \u00c9tats-Unis, le recul du droit \u00e0 l\u2019avortement plonge des milliers de femmes dans des situations de d\u00e9tresse. Le corps f\u00e9minin devient alors un enjeu politique, moral, l\u00e9gal : il n\u2019est plus reconnu comme appartenant \u00e0 la femme mais contr\u00f4l\u00e9, surveill\u00e9, limit\u00e9. Cette transformation est aussi une manifestation du backlash contre les avanc\u00e9es f\u00e9ministes : ce qui \u00e9tait gagn\u00e9 est d\u00e9sormais contest\u00e9. Par ailleurs, la mont\u00e9e du <strong data-start=\"4857\" data-end=\"4873\">masculinisme<\/strong> \u2013 ce mouvement qui affirme une r\u00e9action contre le f\u00e9minisme et valorise un retour \u00e0 des normes traditionnelles de masculinit\u00e9 \u2013 se manifeste comme l\u2019une des contre-forces \u00e0 ces droits. (Voir recherche sur la masculinisme et la contre-mobilisation antif\u00e9ministe) Cela veut dire que l\u2019\u00e9galit\u00e9 corporelle, reproductive, d\u00e9cisionnelle, ne se n\u00e9gocie plus seulement entre femmes et institutions : elle se bataille contre des forces conscientes de retour en arri\u00e8re. Et si le corps f\u00e9minin devient site de contr\u00f4le, alors l\u2019\u00e9galit\u00e9 elle-m\u00eame devient impossible.<\/p>\t\t\t\t\t\t\t\t<\/div>\n\t\t\t\t<\/div>\n\t\t\t\t<div class=\"elementor-element elementor-element-8f23d72 elementor-widget elementor-widget-heading\" data-id=\"8f23d72\" data-element_type=\"widget\" data-e-type=\"widget\" data-widget_type=\"heading.default\">\n\t\t\t\t<div class=\"elementor-widget-container\">\n\t\t\t\t\t<h2 class=\"elementor-heading-title elementor-size-default\">Face au repli des droits : pourquoi c\u2019est maintenant qu\u2019il faut marcher<\/h2>\t\t\t\t<\/div>\n\t\t\t\t<\/div>\n\t\t\t\t<div class=\"elementor-element elementor-element-ed5efea elementor-widget elementor-widget-text-editor\" data-id=\"ed5efea\" data-element_type=\"widget\" data-e-type=\"widget\" data-widget_type=\"text-editor.default\">\n\t\t\t\t<div class=\"elementor-widget-container\">\n\t\t\t\t\t\t\t\t\t<p data-start=\"270\" data-end=\"668\">Nous ne sommes plus simplement dans une phase de stagnation : c\u2019est bien une <strong data-start=\"5593\" data-end=\"5616\">r\u00e9gression violente<\/strong> que nous vivons au niveau global. Ce recul des droits s\u2019inscrit dans un contexte g\u00e9opolitique instable : crises \u00e9conomiques majeures, instabilit\u00e9s politiques, conflits ouverts, remont\u00e9e des conservatismes, et surtout l\u2019apparition d\u2019une r\u00e9action organis\u00e9e contre l\u2019\u00e9galit\u00e9. On parle de backlash : selon l\u2019UN Human Rights Working Group, \u00ab le Working Group a observ\u00e9 une r\u00e9gression des droits des femmes et du concept m\u00eame d\u2019\u00e9galit\u00e9 entre les genres au cours des derni\u00e8res ann\u00e9es \u00bb. (Voir <a class=\"decorated-link\" href=\"https:\/\/www.ohchr.org\/en\/documents\/tools-and-resources\/ahrcwg11412-gender-equality-and-gender-backlash-guidance-document?utm_source=chatgpt.com\" target=\"_new\" rel=\"noopener\" data-start=\"6103\" data-end=\"6243\">A\/HRC\/WG.11\/41\/2<\/a>) Dans ce climat, les droits des femmes sont fr\u00e9quemment parmi les premiers sacrifi\u00e9s. Pourtant cette situation n\u2019est pas une fatalit\u00e9. La mobilisation reste possible, n\u00e9cessaire, urgente. C\u2019est pourquoi la campagne <strong data-start=\"6459\" data-end=\"6475\">#EnAvantMars<\/strong>, port\u00e9e par l\u2019ONU Femmes France, en \u00e9cho \u00e0 l\u2019initiative internationale <strong data-start=\"6547\" data-end=\"6564\">#MarchForward<\/strong>, appelle chacun\u00b7e \u00e0 dire \u00ab pas de recul \u00bb. Parce que l\u2019\u00e9galit\u00e9 ne se d\u00e9cr\u00e8te pas : elle se d\u00e9fend, s\u2019exige, se partage. Il est temps de marcher, ensemble, pour que ce recul ne devienne pas la norme. Et de d\u00e9noncer la mont\u00e9e du masculinisme, cette contre-attaque organis\u00e9e visant \u00e0 remettre en cause les avanc\u00e9es de l\u2019\u00e9galit\u00e9 femmes-hommes.<\/p>\t\t\t\t\t\t\t\t<\/div>\n\t\t\t\t<\/div>\n\t\t\t\t<div class=\"elementor-element elementor-element-0c7f20d elementor-widget elementor-widget-heading\" data-id=\"0c7f20d\" data-element_type=\"widget\" data-e-type=\"widget\" data-widget_type=\"heading.default\">\n\t\t\t\t<div class=\"elementor-widget-container\">\n\t\t\t\t\t<h2 class=\"elementor-heading-title elementor-size-default\">Vers un engagement renouvel\u00e9<\/h2>\t\t\t\t<\/div>\n\t\t\t\t<\/div>\n\t\t\t\t<div class=\"elementor-element elementor-element-c8b1845 elementor-widget elementor-widget-text-editor\" data-id=\"c8b1845\" data-element_type=\"widget\" data-e-type=\"widget\" data-widget_type=\"text-editor.default\">\n\t\t\t\t<div class=\"elementor-widget-container\">\n\t\t\t\t\t\t\t\t\t<p data-start=\"221\" data-end=\"459\">\u00ab Quand une femme se l\u00e8ve, c\u2019est toute l\u2019humanit\u00e9 qui prend appui. \u00bb Cette phrase que je porte est plus qu\u2019un slogan : c\u2019est un engagement, un appel, une conviction. Aujourd\u2019hui plus que jamais je vous invite \u00e0 : faire un don pour soutenir des actions concr\u00e8tes, rejoindre la mobilisation pour faire entendre votre voix, partager ce message pour que l\u2019oubli ne gagne pas. L\u2019\u00e9galit\u00e9 ne se construit pas dans le silence, elle s\u2019affirme dans l\u2019action. En cette Journ\u00e9e internationale des droits des femmes, nous ne tournons pas les talons. Ici on avance.<\/p><p data-start=\"461\" data-end=\"721\">Remettre l\u2019humain au c\u0153ur du num\u00e9rique, c\u2019est refuser la d\u00e9mesure. C\u2019est concevoir des technologies sobres, justes et explicables. C\u2019est accepter que la vraie innovation ne se trouve pas dans la complexit\u00e9 des algorithmes, mais dans la clart\u00e9 des intentions.<\/p>\t\t\t\t\t\t\t\t<\/div>\n\t\t\t\t<\/div>\n\t\t\t\t<div class=\"elementor-element elementor-element-d743522 elementor-view-default elementor-widget elementor-widget-icon\" data-id=\"d743522\" data-element_type=\"widget\" data-e-type=\"widget\" data-widget_type=\"icon.default\">\n\t\t\t\t<div class=\"elementor-widget-container\">\n\t\t\t\t\t\t\t<div class=\"elementor-icon-wrapper\">\n\t\t\t<div class=\"elementor-icon elementor-animation-grow\">\n\t\t\t<i aria-hidden=\"true\" class=\"fas fa-quote-left\"><\/i>\t\t\t<\/div>\n\t\t<\/div>\n\t\t\t\t\t\t<\/div>\n\t\t\t\t<\/div>\n\t\t\t\t<div class=\"elementor-element elementor-element-d591a39 elementor-widget elementor-widget-testimonial\" data-id=\"d591a39\" data-element_type=\"widget\" data-e-type=\"widget\" data-widget_type=\"testimonial.default\">\n\t\t\t\t<div class=\"elementor-widget-container\">\n\t\t\t\t\t\t\t<div class=\"elementor-testimonial-wrapper\">\n\t\t\t\t\t\t\t<div class=\"elementor-testimonial-content\">Quand une femme se l\u00e8ve, c\u2019est toute l\u2019humanit\u00e9 qui prend appui.<\/div>\n\t\t\t\n\t\t\t\t\t<\/div>\n\t\t\t\t\t\t<\/div>\n\t\t\t\t<\/div>\n\t\t\t\t<div class=\"elementor-element elementor-element-dcded1b elementor-widget elementor-widget-text-editor\" data-id=\"dcded1b\" data-element_type=\"widget\" data-e-type=\"widget\" data-widget_type=\"text-editor.default\">\n\t\t\t\t<div class=\"elementor-widget-container\">\n\t\t\t\t\t\t\t\t\t<p>Et si on d\u00e9cidait, maintenant, de ne jamais reculer ?<\/p>\t\t\t\t\t\t\t\t<\/div>\n\t\t\t\t<\/div>\n\t\t\t\t<div class=\"elementor-element elementor-element-fb2019e elementor-widget elementor-widget-heading\" data-id=\"fb2019e\" data-element_type=\"widget\" data-e-type=\"widget\" data-widget_type=\"heading.default\">\n\t\t\t\t<div class=\"elementor-widget-container\">\n\t\t\t\t\t<h2 class=\"elementor-heading-title elementor-size-default\">Sources et lectures recommand\u00e9es<\/h2>\t\t\t\t<\/div>\n\t\t\t\t<\/div>\n\t\t\t\t<div class=\"elementor-element elementor-element-5ec2f0f elementor-widget elementor-widget-text-editor\" data-id=\"5ec2f0f\" data-element_type=\"widget\" data-e-type=\"widget\" data-widget_type=\"text-editor.default\">\n\t\t\t\t<div class=\"elementor-widget-container\">\n\t\t\t\t\t\t\t\t\t<p data-start=\"179\" data-end=\"368\"><a class=\"decorated-link\" href=\"https:\/\/unstats.un.org\/sdgs\/gender-snapshot\/2025\/GenderSnapshot2025.pdf?utm_source=chatgpt.com\" target=\"_new\" rel=\"noopener\" data-start=\"179\" data-end=\"293\">ONU Femmes \u2013 <em data-start=\"193\" data-end=\"219\">The Gender Snapshot 2025<\/em><\/a> : rapport mondial sur les progr\u00e8s et reculs de l\u2019\u00e9galit\u00e9 entre les sexes<\/p><p data-start=\"370\" data-end=\"594\"><a class=\"decorated-link\" href=\"https:\/\/www.unwomen.org\/en\/articles\/facts-and-figures\/facts-and-figures-women-peace-and-security?utm_source=chatgpt.com\" target=\"_new\" rel=\"noopener\" data-start=\"370\" data-end=\"529\">ONU Femmes \u2013 <em data-start=\"384\" data-end=\"430\">Facts and Figures: Women, Peace and Security<\/em><\/a> : donn\u00e9es actualis\u00e9es sur l\u2019impact des conflits sur les femmes<\/p><p data-start=\"596\" data-end=\"873\"><a class=\"decorated-link\" href=\"https:\/\/www.ohchr.org\/en\/documents\/tools-and-resources\/ahrcwg11412-gender-equality-and-gender-backlash-guidance-document?utm_source=chatgpt.com\" target=\"_new\" rel=\"noopener\" data-start=\"596\" data-end=\"802\">UN Human Rights Council \u2013 <em data-start=\"623\" data-end=\"679\">Gender Equality and Gender Backlash: Guidance Document<\/em><\/a> : analyse du ph\u00e9nom\u00e8ne mondial de backlash contre l\u2019\u00e9galit\u00e9 de genre<\/p><p data-start=\"875\" data-end=\"1099\"><a class=\"decorated-link cursor-pointer\" target=\"_new\" rel=\"noopener\" data-start=\"875\" data-end=\"1033\">AP News \u2013 <em data-start=\"886\" data-end=\"951\">UN report: 50% rise in conflict-related sexual violence in 2023<\/em><\/a> : hausse document\u00e9e des violences sexuelles en zones de conflit<\/p><p data-start=\"1101\" data-end=\"1313\"><a class=\"decorated-link cursor-pointer\" target=\"_new\" rel=\"noopener\" data-start=\"1101\" data-end=\"1237\">Human Rights Watch \u2013 <em data-start=\"1123\" data-end=\"1162\">Women\u2019s Rights Under Attack Worldwide<\/em><\/a> : panorama des reculs l\u00e9gislatifs r\u00e9cents en mati\u00e8re de droits des femmes<\/p><p data-start=\"1315\" data-end=\"1469\"><a class=\"decorated-link cursor-pointer\" target=\"_new\" rel=\"noopener\" data-start=\"1315\" data-end=\"1421\">ONU Femmes France \u2013 <em data-start=\"1336\" data-end=\"1375\">Campagne #EnAvantMars \/ #MarchForward<\/em><\/a> : appel \u00e0 la mobilisation 2025 pour l\u2019\u00e9galit\u00e9<\/p><p data-start=\"1471\" data-end=\"1731\"><a class=\"decorated-link cursor-pointer\" target=\"_new\" rel=\"noopener\" data-start=\"1471\" data-end=\"1643\">Amnesty International \u2013 <em data-start=\"1496\" data-end=\"1546\">Backlash: the global wave against women\u2019s rights<\/em><\/a> : rapport d\u2019analyse sur la mont\u00e9e du masculinisme et la contre-r\u00e9action antif\u00e9ministe<\/p><p data-start=\"1733\" data-end=\"2049\"><a class=\"decorated-link cursor-pointer\" target=\"_new\" rel=\"noopener\" data-start=\"1733\" data-end=\"1987\">France Diplomatie \u2013 <em data-start=\"1754\" data-end=\"1813\">D\u00e9claration de P\u00e9kin et Plateforme d\u2019action, 30 ans apr\u00e8s<\/em><\/a> : retour sur les engagements initiaux et leur mise en \u0153uvre<\/p>\t\t\t\t\t\t\t\t<\/div>\n\t\t\t\t<\/div>\n\t\t\t\t<div class=\"elementor-element elementor-element-40529dc elementor-widget elementor-widget-text-editor\" data-id=\"40529dc\" data-element_type=\"widget\" data-e-type=\"widget\" data-widget_type=\"text-editor.default\">\n\t\t\t\t<div class=\"elementor-widget-container\">\n\t\t\t\t\t\t\t\t\t<p>#EnAvantMars #MarchForward #ONUFemmes #Egalit\u00e9FemmesHommes #DroitsDesFemmes #Backlash #Masculinisme #F\u00e9minisme #Empowerment #StopViolences #LeadershipF\u00e9minin #Egalit\u00e9 #JusticeSociale #DroitsHumains #CroissanceResponsable #Sororit\u00e9 #WomenRights #GenderEquality #P\u00e9kin30Ans #Journ\u00e9eInternationaleDesDroitsDesFemmes<\/p>\t\t\t\t\t\t\t\t<\/div>\n\t\t\t\t<\/div>\n\t\t\t\t\t<\/div>\n\t\t<\/div>\n\t\t\t\t\t<\/div>\n\t\t<\/section>\n\t\t\t\t<section class=\"elementor-section elementor-top-section elementor-element elementor-element-facec21 elementor-section-boxed elementor-section-height-default elementor-section-height-default\" data-id=\"facec21\" data-element_type=\"section\" data-e-type=\"section\" data-settings=\"{&quot;background_background&quot;:&quot;classic&quot;}\">\n\t\t\t\t\t\t<div class=\"elementor-container elementor-column-gap-default\">\n\t\t\t\t\t<div class=\"elementor-column elementor-col-100 elementor-top-column elementor-element elementor-element-a707bdc\" data-id=\"a707bdc\" data-element_type=\"column\" data-e-type=\"column\">\n\t\t\t<div class=\"elementor-widget-wrap elementor-element-populated\">\n\t\t\t\t\t\t<div class=\"elementor-element elementor-element-18e2ee8 elementor-widget elementor-widget-post-navigation\" data-id=\"18e2ee8\" data-element_type=\"widget\" data-e-type=\"widget\" data-widget_type=\"post-navigation.default\">\n\t\t\t\t<div class=\"elementor-widget-container\">\n\t\t\t\t\t \t\t\t\t<\/div>\n\t\t\t\t<\/div>\n\t\t\t\t\t<\/div>\n\t\t<\/div>\n\t\t\t\t\t<\/div>\n\t\t<\/section>\n\t\t\t\t<section class=\"elementor-section elementor-top-section elementor-element elementor-element-dc32e30 elementor-section-full_width elementor-section-height-default elementor-section-height-default\" data-id=\"dc32e30\" data-element_type=\"section\" data-e-type=\"section\" data-settings=\"{&quot;background_background&quot;:&quot;classic&quot;}\">\n\t\t\t\t\t\t<div class=\"elementor-container elementor-column-gap-default\">\n\t\t\t\t\t<div class=\"elementor-column elementor-col-100 elementor-top-column elementor-element elementor-element-fcad72e\" data-id=\"fcad72e\" data-element_type=\"column\" data-e-type=\"column\">\n\t\t\t<div class=\"elementor-widget-wrap elementor-element-populated\">\n\t\t\t\t\t\t<div class=\"elementor-element elementor-element-a61b530 elementor-widget elementor-widget-posts\" data-id=\"a61b530\" data-element_type=\"widget\" data-e-type=\"widget\" data-widget_type=\"posts.cards\">\n\t\t\t\t<div class=\"elementor-widget-container\">\n\t\t\t\t\t \t\t\t\t<\/div>\n\t\t\t\t<\/div>\n\t\t\t\t\t<\/div>\n\t\t<\/div>\n\t\t\t\t\t<\/div>\n\t\t<\/section>\n\t\t\t\t<\/div>\n\t\t","protected":false},"excerpt":{"rendered":"<p>Trente ans apr\u00e8s la D\u00e9claration de P\u00e9kin, les droits des femmes reculent brutalement partout dans le monde. Plus de 90 % des femmes vivent encore dans des pays o\u00f9 leur autonomie est limit\u00e9e. Ce recul n\u2019est pas un accident : c\u2019est un v\u00e9ritable backlash mondial, nourri par la mont\u00e9e du masculinisme et des id\u00e9ologies r\u00e9trogrades. Le corps des femmes redevient un champ de bataille, leurs droits un terrain de n\u00e9gociation. Face \u00e0 cette r\u00e9gression, la mobilisation est plus n\u00e9cessaire que jamais. En avant Mars : refuser de reculer, c\u2019est d\u00e9j\u00e0 avancer.<\/p>\n","protected":false},"author":1,"featured_media":3948,"comment_status":"open","ping_status":"open","sticky":false,"template":"","format":"standard","meta":{"zakra_general_container_width":0,"zakra_general_content_width":0,"zakra_general_sidebar_width":0,"zakra_sticky_header":"customizer","zakra_header_main_area":true,"zakra_site_logo_width":0,"zakra_header_top_enabled":"customizer","zakra_header_top_style":"customizer","zakra_primary_menu_item_style":"customizer","zakra_page_header_text_color":"","zakra_page_header_layout":"customizer","zakra_page_title_bg":"","zakra_footer_widgets_bg_image":0,"zakra_page_title_bg_repeat":"customizer","zakra_page_title_bg_position":"customizer","zakra_page_title_bg_size":"customizer","zakra_page_title_bg_attachment":"customizer","zakra_breadcrumbs_enabled":"customizer","zakra_breadcrumbs_text_color":"","zakra_breadcrumbs_separator_color":"","zakra_breadcrumbs_link_color":"","zakra_breadcrumbs_link_hover_color":"","zakra_page_title_bg_image":0,"zakra_footer_widgets_enabled":"customizer","zakra_footer_column_layout_1_style":"customizer","zakra_footer_widgets_bg":"","zakra_footer_widgets_bg_repeat":"customizer","zakra_footer_widgets_bg_position":"customizer","zakra_footer_widgets_bg_size":"customizer","zakra_footer_widgets_bg_attachment":"customizer","zakra_footer_bar_enabled":"customizer","zakra_footer_bar_style":"customizer","zakra_page_container_layout":"customizer","zakra_page_sidebar_layout":"customizer","zakra_remove_content_margin":false,"zakra_sidebar":"customizer","zakra_transparent_header":"customizer","zakra_logo":0,"zakra_main_header_style":"default","zakra_menu_item_color":"","zakra_menu_item_hover_color":"","zakra_menu_item_active_color":"","zakra_menu_active_style":"","zakra_page_header":true,"om_disable_all_campaigns":false,"_uf_show_specific_survey":0,"_uf_disable_surveys":false,"footnotes":""},"categories":[44,7,43,6,45],"tags":[],"class_list":["post-3764","post","type-post","status-publish","format-standard","has-post-thumbnail","hentry","category-diversite","category-feminisme","category-inclusion","category-motsamaux","category-transformation-culturelle"],"aioseo_notices":[],"_links":{"self":[{"href":"https:\/\/taniagombert.com\/index.php\/wp-json\/wp\/v2\/posts\/3764","targetHints":{"allow":["GET"]}}],"collection":[{"href":"https:\/\/taniagombert.com\/index.php\/wp-json\/wp\/v2\/posts"}],"about":[{"href":"https:\/\/taniagombert.com\/index.php\/wp-json\/wp\/v2\/types\/post"}],"author":[{"embeddable":true,"href":"https:\/\/taniagombert.com\/index.php\/wp-json\/wp\/v2\/users\/1"}],"replies":[{"embeddable":true,"href":"https:\/\/taniagombert.com\/index.php\/wp-json\/wp\/v2\/comments?post=3764"}],"version-history":[{"count":20,"href":"https:\/\/taniagombert.com\/index.php\/wp-json\/wp\/v2\/posts\/3764\/revisions"}],"predecessor-version":[{"id":3944,"href":"https:\/\/taniagombert.com\/index.php\/wp-json\/wp\/v2\/posts\/3764\/revisions\/3944"}],"wp:featuredmedia":[{"embeddable":true,"href":"https:\/\/taniagombert.com\/index.php\/wp-json\/wp\/v2\/media\/3948"}],"wp:attachment":[{"href":"https:\/\/taniagombert.com\/index.php\/wp-json\/wp\/v2\/media?parent=3764"}],"wp:term":[{"taxonomy":"category","embeddable":true,"href":"https:\/\/taniagombert.com\/index.php\/wp-json\/wp\/v2\/categories?post=3764"},{"taxonomy":"post_tag","embeddable":true,"href":"https:\/\/taniagombert.com\/index.php\/wp-json\/wp\/v2\/tags?post=3764"}],"curies":[{"name":"wp","href":"https:\/\/api.w.org\/{rel}","templated":true}]}}