{"id":3910,"date":"2025-10-31T16:53:42","date_gmt":"2025-10-31T14:53:42","guid":{"rendered":"https:\/\/taniagombert.com\/?p=3910"},"modified":"2025-11-06T16:34:05","modified_gmt":"2025-11-06T14:34:05","slug":"prendre-la-parole-sans-perdre-son-ame-lart-de-communiquer-avec-impact","status":"publish","type":"post","link":"https:\/\/taniagombert.com\/index.php\/2025\/10\/31\/prendre-la-parole-sans-perdre-son-ame-lart-de-communiquer-avec-impact\/","title":{"rendered":"Prendre la parole sans perdre son \u00e2me : l\u2019art de communiquer avec impact"},"content":{"rendered":"\t\t<div data-elementor-type=\"wp-post\" data-elementor-id=\"3910\" class=\"elementor elementor-3910\">\n\t\t\t\t\t\t<section class=\"elementor-section elementor-top-section elementor-element elementor-element-c136d0f elementor-section-boxed elementor-section-height-default elementor-section-height-default\" data-id=\"c136d0f\" data-element_type=\"section\" data-e-type=\"section\" data-settings=\"{&quot;background_background&quot;:&quot;classic&quot;}\">\n\t\t\t\t\t\t<div class=\"elementor-container elementor-column-gap-default\">\n\t\t\t\t\t<div class=\"elementor-column elementor-col-100 elementor-top-column elementor-element elementor-element-394649a\" data-id=\"394649a\" data-element_type=\"column\" data-e-type=\"column\">\n\t\t\t<div class=\"elementor-widget-wrap elementor-element-populated\">\n\t\t\t\t\t\t<div class=\"elementor-element elementor-element-000b0df elementor-widget elementor-widget-heading\" data-id=\"000b0df\" data-element_type=\"widget\" data-e-type=\"widget\" data-widget_type=\"heading.default\">\n\t\t\t\t<div class=\"elementor-widget-container\">\n\t\t\t\t\t<h1 class=\"elementor-heading-title elementor-size-default\">Prendre la parole sans perdre son \u00e2me : l\u2019art de communiquer avec impact<\/h1>\t\t\t\t<\/div>\n\t\t\t\t<\/div>\n\t\t\t\t\t<\/div>\n\t\t<\/div>\n\t\t\t\t\t<\/div>\n\t\t<\/section>\n\t\t\t\t<section class=\"elementor-section elementor-top-section elementor-element elementor-element-9b0eab5 elementor-section-boxed elementor-section-height-default elementor-section-height-default\" data-id=\"9b0eab5\" data-element_type=\"section\" data-e-type=\"section\" data-settings=\"{&quot;background_background&quot;:&quot;classic&quot;}\">\n\t\t\t\t\t\t<div class=\"elementor-container elementor-column-gap-default\">\n\t\t\t\t\t<div class=\"elementor-column elementor-col-50 elementor-top-column elementor-element elementor-element-c197c66\" data-id=\"c197c66\" data-element_type=\"column\" data-e-type=\"column\">\n\t\t\t<div class=\"elementor-widget-wrap elementor-element-populated\">\n\t\t\t\t\t\t<div class=\"elementor-element elementor-element-361312d elementor-widget__width-initial elementor-widget elementor-widget-image\" data-id=\"361312d\" data-element_type=\"widget\" data-e-type=\"widget\" data-widget_type=\"image.default\">\n\t\t\t\t<div class=\"elementor-widget-container\">\n\t\t\t\t\t\t\t\t\t\t\t\t\t\t\t<img fetchpriority=\"high\" decoding=\"async\" width=\"768\" height=\"1024\" src=\"https:\/\/taniagombert.com\/wp-content\/uploads\/2025\/10\/25fda867-1bec-493a-ba35-abe8aa82f70d.webp\" class=\"attachment-full size-full wp-image-3912\" alt=\"\" srcset=\"https:\/\/taniagombert.com\/wp-content\/uploads\/2025\/10\/25fda867-1bec-493a-ba35-abe8aa82f70d.webp 768w, https:\/\/taniagombert.com\/wp-content\/uploads\/2025\/10\/25fda867-1bec-493a-ba35-abe8aa82f70d-225x300.webp 225w\" sizes=\"(max-width: 768px) 100vw, 768px\" \/>\t\t\t\t\t\t\t\t\t\t\t\t\t\t\t<\/div>\n\t\t\t\t<\/div>\n\t\t\t\t\t<\/div>\n\t\t<\/div>\n\t\t\t\t<div class=\"elementor-column elementor-col-50 elementor-top-column elementor-element elementor-element-6cf96d3\" data-id=\"6cf96d3\" data-element_type=\"column\" data-e-type=\"column\">\n\t\t\t<div class=\"elementor-widget-wrap elementor-element-populated\">\n\t\t\t\t\t\t<div class=\"elementor-element elementor-element-992a4f8 elementor-widget elementor-widget-text-editor\" data-id=\"992a4f8\" data-element_type=\"widget\" data-e-type=\"widget\" data-widget_type=\"text-editor.default\">\n\t\t\t\t<div class=\"elementor-widget-container\">\n\t\t\t\t\t\t\t\t\t<p data-start=\"80\" data-end=\"605\">Il y a des mots qui r\u00e9sonnent, des discours qui marquent, et d\u2019autres qui s\u2019\u00e9teignent \u00e0 peine prononc\u00e9s. J\u2019ai longtemps cru qu\u2019il fallait parler fort pour \u00eatre entendue, \u00eatre celle qui ma\u00eetrise parfaitement son sujet, dans ses moindres d\u00e9tails, avec une assurance sans faille et un d\u00e9bit bien r\u00e9gl\u00e9. On imagine que l\u2019impact se mesure au nombre de t\u00eates qui acquiescent, au silence qui suit la derni\u00e8re phrase, ou \u00e0 la fluidit\u00e9 d\u2019un discours bien rod\u00e9. Et puis j\u2019ai compris que tout cela n\u2019\u00e9tait qu\u2019une illusion de contr\u00f4le.<\/p><p data-start=\"80\" data-end=\"605\">Et si c\u2019est une illusion, c\u2019est parce qu\u2019aucune prise de parole ne se contr\u00f4le vraiment. On peut conna\u00eetre son texte sur le bout des doigts, r\u00e9p\u00e9ter cent fois devant un miroir, calibrer chaque mot\u2026 mais au moment de parler, tout se joue ailleurs. L\u2019auditoire n\u2019est jamais un d\u00e9cor fig\u00e9 : il respire, il r\u00e9agit, il ressent. On croit \u201ctenir\u201d la situation alors qu\u2019en r\u00e9alit\u00e9, on la partage. Ce n\u2019est pas la perfection du discours qui cr\u00e9e l\u2019impact, mais la qualit\u00e9 de la pr\u00e9sence. On peut ma\u00eetriser un contenu, jamais une \u00e9motion. Et c\u2019est tant mieux, parce que c\u2019est justement dans cet impr\u00e9visible que na\u00eet la sinc\u00e9rit\u00e9, l\u2019instant vrai, celui qui touche sans qu\u2019on sache toujours pourquoi.<\/p><p data-start=\"607\" data-end=\"1161\" data-is-last-node=\"\" data-is-only-node=\"\">Prendre la parole, ce n\u2019est pas dominer une salle, c\u2019est y respirer juste. Ce n\u2019est pas d\u00e9montrer son savoir, c\u2019est transmettre une \u00e9motion. Ce n\u2019est pas briller, c\u2019est faire briller quelque chose chez l\u2019autre. La vraie puissance d\u2019une prise de parole ne vient ni du ton, ni du texte, mais de l\u2019intention. C\u2019est un art d\u2019\u00e9quilibre entre authenticit\u00e9 et strat\u00e9gie, entre visibilit\u00e9 et alignement, entre ce qu\u2019on dit et ce qu\u2019on d\u00e9gage. Dans un monde satur\u00e9 de messages, de postures et de micro-opinions, l\u2019enjeu n\u2019est plus de parler, mais de parler juste.<\/p><p data-start=\"607\" data-end=\"1161\" data-is-last-node=\"\" data-is-only-node=\"\">Et cela demande plus qu\u2019un bon discours : une pr\u00e9sence. Celle qui s\u2019ancre dans le regard, dans le souffle, dans le rythme de l\u2019\u00e9change. Parce qu\u2019avant d\u2019\u00eatre un acte d\u2019expression, prendre la parole est un acte de relation.<\/p>\t\t\t\t\t\t\t\t<\/div>\n\t\t\t\t<\/div>\n\t\t\t\t\t<\/div>\n\t\t<\/div>\n\t\t\t\t\t<\/div>\n\t\t<\/section>\n\t\t\t\t<section class=\"elementor-section elementor-top-section elementor-element elementor-element-8e4a26c elementor-section-boxed elementor-section-height-default elementor-section-height-default\" data-id=\"8e4a26c\" data-element_type=\"section\" data-e-type=\"section\" data-settings=\"{&quot;background_background&quot;:&quot;slideshow&quot;,&quot;background_slideshow_gallery&quot;:[{&quot;id&quot;:3638,&quot;url&quot;:&quot;https:\\\/\\\/taniagombert.com\\\/wp-content\\\/uploads\\\/2025\\\/05\\\/Paper_09.png&quot;}],&quot;background_slideshow_loop&quot;:&quot;yes&quot;,&quot;background_slideshow_slide_duration&quot;:5000,&quot;background_slideshow_slide_transition&quot;:&quot;fade&quot;,&quot;background_slideshow_transition_duration&quot;:500}\">\n\t\t\t\t\t\t\t<div class=\"elementor-background-overlay\"><\/div>\n\t\t\t\t\t\t\t<div class=\"elementor-container elementor-column-gap-default\">\n\t\t\t\t\t<div class=\"elementor-column elementor-col-100 elementor-top-column elementor-element elementor-element-124efab\" data-id=\"124efab\" data-element_type=\"column\" data-e-type=\"column\">\n\t\t\t<div class=\"elementor-widget-wrap elementor-element-populated\">\n\t\t\t\t\t\t<div class=\"elementor-element elementor-element-b535625 elementor-widget elementor-widget-heading\" data-id=\"b535625\" data-element_type=\"widget\" data-e-type=\"widget\" data-widget_type=\"heading.default\">\n\t\t\t\t<div class=\"elementor-widget-container\">\n\t\t\t\t\t<h2 class=\"elementor-heading-title elementor-size-default\">L\u2019authenticit\u00e9, cette force tranquille<\/h2>\t\t\t\t<\/div>\n\t\t\t\t<\/div>\n\t\t\t\t<div class=\"elementor-element elementor-element-35db9d2 elementor-widget elementor-widget-text-editor\" data-id=\"35db9d2\" data-element_type=\"widget\" data-e-type=\"widget\" data-widget_type=\"text-editor.default\">\n\t\t\t\t<div class=\"elementor-widget-container\">\n\t\t\t\t\t\t\t\t\t<p data-start=\"49\" data-end=\"588\">Avant d\u2019intervenir, on me demande toujours : \u00ab Tu n\u2019as pas le trac ? \u00bb. Et je r\u00e9ponds sans d\u00e9tour : \u00ab Si, grave. \u00bb Pas un petit stress poli, non. Le vrai trac. Celui qui te serre la gorge, te fait r\u00e9viser ton texte mentalement jusqu\u2019\u00e0 la derni\u00e8re minute, et te donne envie, pendant trois secondes, de simuler une panne de micro ou une extinction de voix. Mais c\u2019est ce trac-l\u00e0 que j\u2019aime. Parce qu\u2019il me rappelle que je ne suis pas en train de <em data-start=\"469\" data-end=\"484\">jouer un r\u00f4le<\/em>, je suis en train de <em data-start=\"506\" data-end=\"530\">partager quelque chose<\/em>. Le trac, c\u2019est la preuve qu\u2019on se met vraiment en jeu.<\/p><p data-start=\"590\" data-end=\"1117\">L\u2019<strong data-start=\"592\" data-end=\"608\">authenticit\u00e9<\/strong>, ce n\u2019est pas l\u2019absence de peur, c\u2019est le courage d\u2019y aller quand m\u00eame. C\u2019est ce m\u00e9lange d\u2019adr\u00e9naline et de sinc\u00e9rit\u00e9 qui rend une parole vivante. En PNL, on dit souvent que seuls 7 % du message passent par les mots. Le reste, c\u2019est le ton, le regard, la respiration, la posture. En clair : si ton corps dit autre chose que ta bouche, ton public le sent avant m\u00eame que tu aies fini ta phrase. On peut travailler un texte pendant des heures, mais ce qui touche, ce n\u2019est pas le contenu, c\u2019est la vibration.<\/p><p data-start=\"1119\" data-end=\"1610\">C\u2019est pour \u00e7a que je pr\u00e9pare autant ma <strong data-start=\"1158\" data-end=\"1170\">pr\u00e9sence<\/strong> que mes phrases. Pendant ma pr\u00e9paration du <strong data-start=\"1214\" data-end=\"1222\">TEDx<\/strong>, je connaissais mon discours par c\u0153ur, et, disons-le, par le c\u0153ur. Pourtant, un jour \u00e0 la gare Montparnasse, j\u2019ai d\u00e9cid\u00e9 de le r\u00e9citer devant une inconnue. Oui, une inconnue, valise \u00e0 la main, probablement en train de chercher le bon quai. Je lui ai expliqu\u00e9 que je me pr\u00e9parais pour une intervention et je lui ai demand\u00e9 si elle accepterait de m\u2019\u00e9couter. Elle a dit oui. Et l\u00e0, tout a chang\u00e9.<\/p><p data-start=\"1612\" data-end=\"1987\">Parce qu\u2019\u00e0 ce moment pr\u00e9cis, ce n\u2019\u00e9tait plus un texte, c\u2019\u00e9tait un \u00e9change. Son regard, ses sourcils qui se haussaient, son petit sourire sur certaines phrases, ses questions : j\u2019ai compris que ma parole ne m\u2019appartenait plus. Elle circulait. Elle vivait. Et c\u2019est l\u00e0 que j\u2019ai saisi quelque chose d\u2019essentiel : <strong data-start=\"1907\" data-end=\"1984\">prendre la parole, ce n\u2019est pas parler \u00e0 un public, c\u2019est parler avec lui<\/strong>.<\/p><p data-start=\"1989\" data-end=\"2272\" data-is-last-node=\"\" data-is-only-node=\"\">Qu\u2019on soit devant une salle comble ou face \u00e0 une seule personne dans un hall de gare, la logique reste la m\u00eame : ce n\u2019est pas un monologue, c\u2019est une connexion. Et parfois, la plus belle des conf\u00e9rences commence dans le brouhaha d\u2019un quai, avec une inconnue bienveillante qui \u00e9coute.<\/p>\t\t\t\t\t\t\t\t<\/div>\n\t\t\t\t<\/div>\n\t\t\t\t<div class=\"elementor-element elementor-element-4ea5e99 elementor-widget elementor-widget-heading\" data-id=\"4ea5e99\" data-element_type=\"widget\" data-e-type=\"widget\" data-widget_type=\"heading.default\">\n\t\t\t\t<div class=\"elementor-widget-container\">\n\t\t\t\t\t<h2 class=\"elementor-heading-title elementor-size-default\">La narration comme lien vivant<\/h2>\t\t\t\t<\/div>\n\t\t\t\t<\/div>\n\t\t\t\t<div class=\"elementor-element elementor-element-a6b471b elementor-widget elementor-widget-text-editor\" data-id=\"a6b471b\" data-element_type=\"widget\" data-e-type=\"widget\" data-widget_type=\"text-editor.default\">\n\t\t\t\t<div class=\"elementor-widget-container\">\n\t\t\t\t\t\t\t\t\t<p data-start=\"41\" data-end=\"659\">Raconter, ce n\u2019est pas d\u00e9rouler une belle histoire, c\u2019est tendre un fil. Un fil entre soi et l\u2019autre, entre ce qu\u2019on vit et ce que l\u2019autre ressent. Le <strong data-start=\"192\" data-end=\"208\">storytelling<\/strong>, pour moi, n\u2019a jamais \u00e9t\u00e9 une technique marketing, c\u2019est un acte de relation. On n\u2019impose pas une histoire, on l\u2019offre, on la partage, on la fait vivre ensemble. Quand j\u2019\u00e9cris sur LinkedIn ou que je monte sur sc\u00e8ne, je ne cherche pas \u00e0 \u201cperformer\u201d ni \u00e0 faire briller des punchlines calibr\u00e9es pour l\u2019algorithme. Je cherche \u00e0 <strong data-start=\"533\" data-end=\"546\">connecter<\/strong>. \u00c0 provoquer ce petit moment de v\u00e9rit\u00e9 o\u00f9 quelqu\u2019un, quelque part, se dit : \u201cok, moi aussi, j\u2019ai ressenti \u00e7a.\u201d<\/p><p data-start=\"661\" data-end=\"1212\">Raconter, c\u2019est oser la nuance. C\u2019est accepter de m\u00ealer l\u2019ambition et la vuln\u00e9rabilit\u00e9, la strat\u00e9gie et l\u2019\u00e9motion. Parce que c\u2019est l\u00e0, dans cette tension vivante, que la parole devient vraie. Un bon storytelling, ce n\u2019est pas une histoire parfaite, c\u2019est une <strong data-start=\"920\" data-end=\"940\">histoire sinc\u00e8re<\/strong>, racont\u00e9e avec intention. Les mots ne suffisent pas : il faut qu\u2019ils respirent, qu\u2019ils aient du corps, qu\u2019ils bougent avec nous. Et tout se joue dans les d\u00e9tails : un regard qui s\u2019attarde, une main qui s\u2019ouvre, une respiration qu\u2019on laisse exister avant une phrase cl\u00e9.<\/p><p data-start=\"1214\" data-end=\"1416\" data-is-last-node=\"\" data-is-only-node=\"\">Ces micro-silences-l\u00e0, ceux o\u00f9 tout s\u2019arr\u00eate une demi-seconde avant de reprendre, sont souvent les plus puissants. Parce qu\u2019ils disent ce que les mots ne savent pas dire : l\u2019\u00e9motion, le vrai, le vivant.<\/p>\t\t\t\t\t\t\t\t<\/div>\n\t\t\t\t<\/div>\n\t\t\t\t<div class=\"elementor-element elementor-element-24158d9 elementor-widget elementor-widget-heading\" data-id=\"24158d9\" data-element_type=\"widget\" data-e-type=\"widget\" data-widget_type=\"heading.default\">\n\t\t\t\t<div class=\"elementor-widget-container\">\n\t\t\t\t\t<h2 class=\"elementor-heading-title elementor-size-default\">Communiquer, c\u2019est \u00e9couter<\/h2>\t\t\t\t<\/div>\n\t\t\t\t<\/div>\n\t\t\t\t<div class=\"elementor-element elementor-element-36a04b6 elementor-widget elementor-widget-text-editor\" data-id=\"36a04b6\" data-element_type=\"widget\" data-e-type=\"widget\" data-widget_type=\"text-editor.default\">\n\t\t\t\t<div class=\"elementor-widget-container\">\n\t\t\t\t\t\t\t\t\t<article class=\"text-token-text-primary w-full focus:outline-none [--shadow-height:45px] has-data-writing-block:pointer-events-none has-data-writing-block:-mt-(--shadow-height) has-data-writing-block:pt-(--shadow-height) [&amp;:has([data-writing-block])&gt;*]:pointer-events-auto [content-visibility:auto] supports-[content-visibility:auto]:[contain-intrinsic-size:auto_100lvh] scroll-mt-[calc(var(--header-height)+min(200px,max(70px,20svh)))]\" dir=\"auto\" tabindex=\"-1\" data-turn-id=\"request-6904c59b-9324-8331-96a2-5d6e9d11d364-2\" data-testid=\"conversation-turn-24\" data-scroll-anchor=\"true\" data-turn=\"assistant\"><div class=\"text-base my-auto mx-auto pb-10 [--thread-content-margin:--spacing(4)] thread-sm:[--thread-content-margin:--spacing(6)] thread-lg:[--thread-content-margin:--spacing(16)] px-(--thread-content-margin)\"><div class=\"[--thread-content-max-width:40rem] thread-lg:[--thread-content-max-width:48rem] mx-auto max-w-(--thread-content-max-width) flex-1 group\/turn-messages focus-visible:outline-hidden relative flex w-full min-w-0 flex-col agent-turn\" tabindex=\"-1\"><div class=\"flex max-w-full flex-col grow\"><div class=\"min-h-8 text-message relative flex w-full flex-col items-end gap-2 text-start break-words whitespace-normal [.text-message+&amp;]:mt-1\" dir=\"auto\" data-message-author-role=\"assistant\" data-message-id=\"36c766cd-d2af-4e93-9ba4-a378a00a3ba9\" data-message-model-slug=\"gpt-5\"><div class=\"flex w-full flex-col gap-1 empty:hidden first:pt-[1px]\"><div class=\"markdown prose dark:prose-invert w-full break-words light markdown-new-styling\"><p data-start=\"37\" data-end=\"543\">On pense souvent que \u201cprendre la parole\u201d, c\u2019est occuper la sc\u00e8ne, capter l\u2019attention, tenir le micro comme un sceptre. En r\u00e9alit\u00e9, <strong data-start=\"168\" data-end=\"198\">communiquer, c\u2019est \u00e9couter<\/strong>. C\u2019est sentir le rythme d\u2019une salle, l\u2019\u00e9nergie qui circule, les regards qui s\u2019allument ou se perdent. C\u2019est capter les signaux faibles : un souffle, un sourire, un l\u00e9ger mouvement de t\u00eate. En <strong data-start=\"391\" data-end=\"398\">PNL<\/strong>, on parle d\u2019<strong data-start=\"411\" data-end=\"425\">ajustement<\/strong> : cette capacit\u00e9 \u00e0 se synchroniser avec l\u2019autre, \u00e0 cr\u00e9er un espace de confiance avant m\u00eame d\u2019avoir prononc\u00e9 un mot.<\/p><p data-start=\"545\" data-end=\"837\">Ce que j\u2019aime dans une prise de parole, ce n\u2019est pas le moment o\u00f9 tout le monde m\u2019\u00e9coute, c\u2019est celui o\u00f9 je sens que le public est <em data-start=\"676\" data-end=\"682\">avec<\/em> moi. Ce petit glissement presque imperceptible o\u00f9 l\u2019attention devient pr\u00e9sence. Parce qu\u2019\u00e0 ce moment-l\u00e0, la parole n\u2019est plus descendante, elle circule.<\/p><p data-start=\"839\" data-end=\"1237\" data-is-last-node=\"\" data-is-only-node=\"\">Et \u00e7a, c\u2019est valable partout : sur sc\u00e8ne, en r\u00e9union, ou m\u00eame dans un post LinkedIn. Quand je m\u2019exprime, je cherche toujours ce point d\u2019\u00e9quilibre, ce moment o\u00f9 les gens ne se contentent plus d\u2019\u00e9couter, mais <strong data-start=\"1046\" data-end=\"1074\">r\u00e9pondent int\u00e9rieurement<\/strong>. O\u00f9 ils compl\u00e8tent le sens, y projettent leur propre histoire. C\u2019est l\u00e0 que la magie op\u00e8re : quand la parole cesse d\u2019\u00eatre une performance pour devenir un \u00e9change.<\/p><\/div><\/div><\/div><\/div><\/div><\/div><\/article>\t\t\t\t\t\t\t\t<\/div>\n\t\t\t\t<\/div>\n\t\t\t\t<div class=\"elementor-element elementor-element-5900b89 elementor-widget elementor-widget-heading\" data-id=\"5900b89\" data-element_type=\"widget\" data-e-type=\"widget\" data-widget_type=\"heading.default\">\n\t\t\t\t<div class=\"elementor-widget-container\">\n\t\t\t\t\t<h2 class=\"elementor-heading-title elementor-size-default\">La visibilit\u00e9 align\u00e9e<\/h2>\t\t\t\t<\/div>\n\t\t\t\t<\/div>\n\t\t\t\t<div class=\"elementor-element elementor-element-42209c5 elementor-widget elementor-widget-text-editor\" data-id=\"42209c5\" data-element_type=\"widget\" data-e-type=\"widget\" data-widget_type=\"text-editor.default\">\n\t\t\t\t<div class=\"elementor-widget-container\">\n\t\t\t\t\t\t\t\t\t<p data-start=\"32\" data-end=\"519\">Aujourd\u2019hui, tout le monde veut \u201cprendre la parole\u201d. On poste, on commente, on s\u2019exprime, on \u201cfait du contenu\u201d. Mais <strong data-start=\"149\" data-end=\"181\">parler n\u2019est pas communiquer<\/strong>, et <strong data-start=\"186\" data-end=\"220\">\u00eatre visible n\u2019est pas exister<\/strong>. La vraie question, ce n\u2019est pas \u201ccomment se faire entendre\u201d, mais \u201cpourquoi je parle\u201d. J\u2019appelle \u00e7a la <strong data-start=\"325\" data-end=\"347\">visibilit\u00e9 align\u00e9e<\/strong> : cette fa\u00e7on de s\u2019exprimer o\u00f9 chaque mot, chaque prise de position, r\u00e9pond \u00e0 une intention claire. Pas pour occuper le bruit ambiant, mais pour apporter une note juste.<\/p><p data-start=\"521\" data-end=\"863\">Avant d\u2019\u00e9crire, de publier ou de monter sur sc\u00e8ne, je me pose toujours trois questions simples : <em data-start=\"618\" data-end=\"659\">Pourquoi je parle ? \u00c0 qui ? Pour quoi ?<\/em> Quand ces trois r\u00e9ponses s\u2019alignent, la parole n\u2019est plus un r\u00e9flexe, elle devient un <strong data-start=\"746\" data-end=\"773\">outil de transformation<\/strong>. C\u2019est \u00e0 ce moment-l\u00e0 qu\u2019on arr\u00eate de \u201cfaire de la com\u201d pour commencer \u00e0 cr\u00e9er du sens.<\/p><p data-start=\"865\" data-end=\"1225\" data-is-last-node=\"\" data-is-only-node=\"\">Sur <a href=\"https:\/\/www.linkedin.com\/in\/tania-gombert\/\" target=\"_blank\" rel=\"noopener\">LinkedIn<\/a> comme sur sc\u00e8ne, j\u2019aime jouer sur les contrastes : \u00eatre \u00e0 la fois <strong data-start=\"944\" data-end=\"968\">strat\u00e8ge et sensible<\/strong>, structur\u00e9e et spontan\u00e9e. Parce que la communication la plus puissante n\u2019est pas celle qui impressionne, mais celle qui <strong data-start=\"1089\" data-end=\"1098\">relie<\/strong>. Celle qui ose dire sans surjouer, raconter sans s\u2019exposer, \u00e9clairer sans \u00e9craser. Bref, celle qui parle juste, pas plus fort.<\/p>\t\t\t\t\t\t\t\t<\/div>\n\t\t\t\t<\/div>\n\t\t\t\t<div class=\"elementor-element elementor-element-4f0246a elementor-widget elementor-widget-heading\" data-id=\"4f0246a\" data-element_type=\"widget\" data-e-type=\"widget\" data-widget_type=\"heading.default\">\n\t\t\t\t<div class=\"elementor-widget-container\">\n\t\t\t\t\t<h2 class=\"elementor-heading-title elementor-size-default\">Vers une parole habit\u00e9e<\/h2>\t\t\t\t<\/div>\n\t\t\t\t<\/div>\n\t\t\t\t<div class=\"elementor-element elementor-element-a177ff5 elementor-widget elementor-widget-text-editor\" data-id=\"a177ff5\" data-element_type=\"widget\" data-e-type=\"widget\" data-widget_type=\"text-editor.default\">\n\t\t\t\t<div class=\"elementor-widget-container\">\n\t\t\t\t\t\t\t\t\t<p>Prendre la parole sans perdre son \u00e2me, c\u2019est comprendre que le discours n\u2019est pas une performance, mais une rencontre. C\u2019est faire de chaque mot un geste, de chaque silence un regard, de chaque prise de parole un acte de pr\u00e9sence.<\/p>\t\t\t\t\t\t\t\t<\/div>\n\t\t\t\t<\/div>\n\t\t\t\t<div class=\"elementor-element elementor-element-46aec55 elementor-view-default elementor-widget elementor-widget-icon\" data-id=\"46aec55\" data-element_type=\"widget\" data-e-type=\"widget\" data-widget_type=\"icon.default\">\n\t\t\t\t<div class=\"elementor-widget-container\">\n\t\t\t\t\t\t\t<div class=\"elementor-icon-wrapper\">\n\t\t\t<div class=\"elementor-icon elementor-animation-grow\">\n\t\t\t<i aria-hidden=\"true\" class=\"fas fa-quote-left\"><\/i>\t\t\t<\/div>\n\t\t<\/div>\n\t\t\t\t\t\t<\/div>\n\t\t\t\t<\/div>\n\t\t\t\t<div class=\"elementor-element elementor-element-87f984c elementor-widget elementor-widget-testimonial\" data-id=\"87f984c\" data-element_type=\"widget\" data-e-type=\"widget\" data-widget_type=\"testimonial.default\">\n\t\t\t\t<div class=\"elementor-widget-container\">\n\t\t\t\t\t\t\t<div class=\"elementor-testimonial-wrapper\">\n\t\t\t\t\t\t\t<div class=\"elementor-testimonial-content\">On ne prend pas la parole, on la partage.<\/div>\n\t\t\t\n\t\t\t\t\t<\/div>\n\t\t\t\t\t\t<\/div>\n\t\t\t\t<\/div>\n\t\t\t\t<div class=\"elementor-element elementor-element-306bd1e elementor-widget elementor-widget-text-editor\" data-id=\"306bd1e\" data-element_type=\"widget\" data-e-type=\"widget\" data-widget_type=\"text-editor.default\">\n\t\t\t\t<div class=\"elementor-widget-container\">\n\t\t\t\t\t\t\t\t\t<p>Et si le secret n\u2019\u00e9tait pas de prendre la parole, mais de la partager ?<\/p>\t\t\t\t\t\t\t\t<\/div>\n\t\t\t\t<\/div>\n\t\t\t\t<div class=\"elementor-element elementor-element-d68ee27 elementor-widget elementor-widget-text-editor\" data-id=\"d68ee27\" data-element_type=\"widget\" data-e-type=\"widget\" data-widget_type=\"text-editor.default\">\n\t\t\t\t<div class=\"elementor-widget-container\">\n\t\t\t\t\t\t\t\t\t<p>#PrisedeParole #CommunicationAuthentique #Storytelling #Leadership #ConfianceEnSoi #Conf\u00e9rence #PersonalBranding #Visibilit\u00e9Align\u00e9e #ParlerEnPublic #ImpactPositif #TEDx #CommunicationNonVerbale #\u00c9loquence #PNL #LinkedIn #Tips<\/p>\t\t\t\t\t\t\t\t<\/div>\n\t\t\t\t<\/div>\n\t\t\t\t\t<\/div>\n\t\t<\/div>\n\t\t\t\t\t<\/div>\n\t\t<\/section>\n\t\t\t\t<section class=\"elementor-section elementor-top-section elementor-element elementor-element-e8f447a elementor-section-boxed elementor-section-height-default elementor-section-height-default\" data-id=\"e8f447a\" data-element_type=\"section\" data-e-type=\"section\" data-settings=\"{&quot;background_background&quot;:&quot;classic&quot;}\">\n\t\t\t\t\t\t<div class=\"elementor-container elementor-column-gap-default\">\n\t\t\t\t\t<div class=\"elementor-column elementor-col-100 elementor-top-column elementor-element elementor-element-c278e0e\" data-id=\"c278e0e\" data-element_type=\"column\" data-e-type=\"column\">\n\t\t\t<div class=\"elementor-widget-wrap elementor-element-populated\">\n\t\t\t\t\t\t<div class=\"elementor-element elementor-element-48266cc elementor-widget elementor-widget-post-navigation\" data-id=\"48266cc\" data-element_type=\"widget\" data-e-type=\"widget\" data-widget_type=\"post-navigation.default\">\n\t\t\t\t<div class=\"elementor-widget-container\">\n\t\t\t\t\t \t\t\t\t<\/div>\n\t\t\t\t<\/div>\n\t\t\t\t\t<\/div>\n\t\t<\/div>\n\t\t\t\t\t<\/div>\n\t\t<\/section>\n\t\t\t\t<section class=\"elementor-section elementor-top-section elementor-element elementor-element-25494fa elementor-section-full_width elementor-section-height-default elementor-section-height-default\" data-id=\"25494fa\" data-element_type=\"section\" data-e-type=\"section\" data-settings=\"{&quot;background_background&quot;:&quot;classic&quot;}\">\n\t\t\t\t\t\t<div class=\"elementor-container elementor-column-gap-default\">\n\t\t\t\t\t<div class=\"elementor-column elementor-col-100 elementor-top-column elementor-element elementor-element-dda27b7\" data-id=\"dda27b7\" data-element_type=\"column\" data-e-type=\"column\">\n\t\t\t<div class=\"elementor-widget-wrap elementor-element-populated\">\n\t\t\t\t\t\t<div class=\"elementor-element elementor-element-14216fd elementor-widget elementor-widget-posts\" data-id=\"14216fd\" data-element_type=\"widget\" data-e-type=\"widget\" data-widget_type=\"posts.cards\">\n\t\t\t\t<div class=\"elementor-widget-container\">\n\t\t\t\t\t \t\t\t\t<\/div>\n\t\t\t\t<\/div>\n\t\t\t\t\t<\/div>\n\t\t<\/div>\n\t\t\t\t\t<\/div>\n\t\t<\/section>\n\t\t\t\t<\/div>\n\t\t","protected":false},"excerpt":{"rendered":"<p>Prendre la parole n\u2019est pas une question de volume, mais de justesse. Ce n\u2019est pas dominer  l\u2019espace, c\u2019est y cr\u00e9er une r\u00e9sonance. Entre authenticit\u00e9, posture et strat\u00e9gie, la communication devient un art d\u2019\u00e9quilibre.<br \/>\nSur sc\u00e8ne comme sur LinkedIn, tout se joue dans la pr\u00e9sence, pas dans la performance. Parce qu\u2019un discours percutant ne se mesure pas au ton, mais \u00e0 l\u2019intention. Et si parler, finalement, c\u2019\u00e9tait surtout apprendre \u00e0 \u00e9couter ?<\/p>\n","protected":false},"author":1,"featured_media":3912,"comment_status":"open","ping_status":"open","sticky":false,"template":"","format":"standard","meta":{"zakra_general_container_width":0,"zakra_general_content_width":0,"zakra_general_sidebar_width":0,"zakra_sticky_header":"customizer","zakra_header_main_area":true,"zakra_site_logo_width":0,"zakra_header_top_enabled":"customizer","zakra_header_top_style":"customizer","zakra_primary_menu_item_style":"customizer","zakra_page_header_text_color":"","zakra_page_header_layout":"customizer","zakra_page_title_bg":"","zakra_footer_widgets_bg_image":0,"zakra_page_title_bg_repeat":"customizer","zakra_page_title_bg_position":"customizer","zakra_page_title_bg_size":"customizer","zakra_page_title_bg_attachment":"customizer","zakra_breadcrumbs_enabled":"customizer","zakra_breadcrumbs_text_color":"","zakra_breadcrumbs_separator_color":"","zakra_breadcrumbs_link_color":"","zakra_breadcrumbs_link_hover_color":"","zakra_page_title_bg_image":0,"zakra_footer_widgets_enabled":"customizer","zakra_footer_column_layout_1_style":"customizer","zakra_footer_widgets_bg":"","zakra_footer_widgets_bg_repeat":"customizer","zakra_footer_widgets_bg_position":"customizer","zakra_footer_widgets_bg_size":"customizer","zakra_footer_widgets_bg_attachment":"customizer","zakra_footer_bar_enabled":"customizer","zakra_footer_bar_style":"customizer","zakra_page_container_layout":"customizer","zakra_page_sidebar_layout":"customizer","zakra_remove_content_margin":false,"zakra_sidebar":"customizer","zakra_transparent_header":"customizer","zakra_logo":0,"zakra_main_header_style":"default","zakra_menu_item_color":"","zakra_menu_item_hover_color":"","zakra_menu_item_active_color":"","zakra_menu_active_style":"","zakra_page_header":true,"om_disable_all_campaigns":false,"_uf_show_specific_survey":0,"_uf_disable_surveys":false,"footnotes":""},"categories":[47,46,38,45],"tags":[],"class_list":["post-3910","post","type-post","status-publish","format-standard","has-post-thumbnail","hentry","category-art-oratoire","category-communication","category-leadership","category-transformation-culturelle"],"aioseo_notices":[],"_links":{"self":[{"href":"https:\/\/taniagombert.com\/index.php\/wp-json\/wp\/v2\/posts\/3910","targetHints":{"allow":["GET"]}}],"collection":[{"href":"https:\/\/taniagombert.com\/index.php\/wp-json\/wp\/v2\/posts"}],"about":[{"href":"https:\/\/taniagombert.com\/index.php\/wp-json\/wp\/v2\/types\/post"}],"author":[{"embeddable":true,"href":"https:\/\/taniagombert.com\/index.php\/wp-json\/wp\/v2\/users\/1"}],"replies":[{"embeddable":true,"href":"https:\/\/taniagombert.com\/index.php\/wp-json\/wp\/v2\/comments?post=3910"}],"version-history":[{"count":28,"href":"https:\/\/taniagombert.com\/index.php\/wp-json\/wp\/v2\/posts\/3910\/revisions"}],"predecessor-version":[{"id":4223,"href":"https:\/\/taniagombert.com\/index.php\/wp-json\/wp\/v2\/posts\/3910\/revisions\/4223"}],"wp:featuredmedia":[{"embeddable":true,"href":"https:\/\/taniagombert.com\/index.php\/wp-json\/wp\/v2\/media\/3912"}],"wp:attachment":[{"href":"https:\/\/taniagombert.com\/index.php\/wp-json\/wp\/v2\/media?parent=3910"}],"wp:term":[{"taxonomy":"category","embeddable":true,"href":"https:\/\/taniagombert.com\/index.php\/wp-json\/wp\/v2\/categories?post=3910"},{"taxonomy":"post_tag","embeddable":true,"href":"https:\/\/taniagombert.com\/index.php\/wp-json\/wp\/v2\/tags?post=3910"}],"curies":[{"name":"wp","href":"https:\/\/api.w.org\/{rel}","templated":true}]}}