{"id":3961,"date":"2025-07-13T12:44:47","date_gmt":"2025-07-13T10:44:47","guid":{"rendered":"https:\/\/taniagombert.com\/?p=3961"},"modified":"2025-11-06T16:34:28","modified_gmt":"2025-11-06T14:34:28","slug":"les-nouveaux-visages-du-pouvoir-et-si-le-leadership-de-demain-etait-metisse","status":"publish","type":"post","link":"https:\/\/taniagombert.com\/index.php\/2025\/07\/13\/les-nouveaux-visages-du-pouvoir-et-si-le-leadership-de-demain-etait-metisse\/","title":{"rendered":"Les nouveaux visages du pouvoir : et si le leadership de demain \u00e9tait m\u00e9tiss\u00e9 ?"},"content":{"rendered":"\t\t<div data-elementor-type=\"wp-post\" data-elementor-id=\"3961\" class=\"elementor elementor-3961\">\n\t\t\t\t\t\t<section class=\"elementor-section elementor-top-section elementor-element elementor-element-d1a4060 elementor-section-boxed elementor-section-height-default elementor-section-height-default\" data-id=\"d1a4060\" data-element_type=\"section\" data-e-type=\"section\" data-settings=\"{&quot;background_background&quot;:&quot;classic&quot;}\">\n\t\t\t\t\t\t<div class=\"elementor-container elementor-column-gap-default\">\n\t\t\t\t\t<div class=\"elementor-column elementor-col-100 elementor-top-column elementor-element elementor-element-40a4cae\" data-id=\"40a4cae\" data-element_type=\"column\" data-e-type=\"column\">\n\t\t\t<div class=\"elementor-widget-wrap elementor-element-populated\">\n\t\t\t\t\t\t<div class=\"elementor-element elementor-element-1b28f31 elementor-widget elementor-widget-heading\" data-id=\"1b28f31\" data-element_type=\"widget\" data-e-type=\"widget\" data-widget_type=\"heading.default\">\n\t\t\t\t<div class=\"elementor-widget-container\">\n\t\t\t\t\t<h1 class=\"elementor-heading-title elementor-size-default\">Les nouveaux visages du pouvoir : et si le leadership de demain \u00e9tait m\u00e9tiss\u00e9 ?<\/h1>\t\t\t\t<\/div>\n\t\t\t\t<\/div>\n\t\t\t\t\t<\/div>\n\t\t<\/div>\n\t\t\t\t\t<\/div>\n\t\t<\/section>\n\t\t\t\t<section class=\"elementor-section elementor-top-section elementor-element elementor-element-aee2c9b elementor-section-boxed elementor-section-height-default elementor-section-height-default\" data-id=\"aee2c9b\" data-element_type=\"section\" data-e-type=\"section\" data-settings=\"{&quot;background_background&quot;:&quot;classic&quot;}\">\n\t\t\t\t\t\t<div class=\"elementor-container elementor-column-gap-default\">\n\t\t\t\t\t<div class=\"elementor-column elementor-col-50 elementor-top-column elementor-element elementor-element-02ca1f4\" data-id=\"02ca1f4\" data-element_type=\"column\" data-e-type=\"column\">\n\t\t\t<div class=\"elementor-widget-wrap elementor-element-populated\">\n\t\t\t\t\t\t<div class=\"elementor-element elementor-element-5fe3b3e elementor-widget__width-initial elementor-widget elementor-widget-image\" data-id=\"5fe3b3e\" data-element_type=\"widget\" data-e-type=\"widget\" data-widget_type=\"image.default\">\n\t\t\t\t<div class=\"elementor-widget-container\">\n\t\t\t\t\t\t\t\t\t\t\t\t\t\t\t<img fetchpriority=\"high\" decoding=\"async\" width=\"651\" height=\"565\" src=\"https:\/\/taniagombert.com\/wp-content\/uploads\/2025\/10\/Tania-metissage-Interview.webp\" class=\"attachment-full size-full wp-image-3884\" alt=\"\" srcset=\"https:\/\/taniagombert.com\/wp-content\/uploads\/2025\/10\/Tania-metissage-Interview.webp 651w, https:\/\/taniagombert.com\/wp-content\/uploads\/2025\/10\/Tania-metissage-Interview-300x260.webp 300w\" sizes=\"(max-width: 651px) 100vw, 651px\" \/>\t\t\t\t\t\t\t\t\t\t\t\t\t\t\t<\/div>\n\t\t\t\t<\/div>\n\t\t\t\t\t<\/div>\n\t\t<\/div>\n\t\t\t\t<div class=\"elementor-column elementor-col-50 elementor-top-column elementor-element elementor-element-1274529\" data-id=\"1274529\" data-element_type=\"column\" data-e-type=\"column\">\n\t\t\t<div class=\"elementor-widget-wrap elementor-element-populated\">\n\t\t\t\t\t\t<div class=\"elementor-element elementor-element-aa6dc3c elementor-widget elementor-widget-text-editor\" data-id=\"aa6dc3c\" data-element_type=\"widget\" data-e-type=\"widget\" data-widget_type=\"text-editor.default\">\n\t\t\t\t<div class=\"elementor-widget-container\">\n\t\t\t\t\t\t\t\t\t<p data-start=\"706\" data-end=\"1001\"><strong>Le pouvoir n&rsquo;a jamais \u00e9t\u00e9 neutre.<\/strong><\/p><p data-start=\"706\" data-end=\"1001\">Pendant des si\u00e8cles, le pouvoir a eu le m\u00eame visage : masculin, blanc, dipl\u00f4m\u00e9, et s\u00fbr de lui. Un arch\u00e9type fa\u00e7onn\u00e9 par des si\u00e8cles d\u2019histoire, consolid\u00e9 par des institutions, reproduit par des syst\u00e8mes \u00e9ducatifs et valoris\u00e9 par des cultures d\u2019entreprise qui confondent autorit\u00e9 et domination.<\/p><p data-start=\"1003\" data-end=\"1349\">Mais le monde a chang\u00e9. Les crises se succ\u00e8dent, les rep\u00e8res se d\u00e9placent, les mod\u00e8les de leadership s\u2019effritent. La verticalit\u00e9 ne fait plus r\u00eaver. L\u2019arrogance s\u2019essouffle. Et, face aux urgences \u00e9cologiques, sociales, technologiques, une nouvelle g\u00e9n\u00e9ration de leaders \u00e9merge : moins int\u00e9ress\u00e9e par le pouvoir <em data-start=\"1314\" data-end=\"1319\">sur<\/em>, que par le pouvoir <em data-start=\"1340\" data-end=\"1346\">avec<\/em>.<\/p><p data-start=\"1351\" data-end=\"1668\">Et si, dans ce basculement, le leadership de demain \u00e9tait m\u00e9tiss\u00e9 ? M\u00e9tiss\u00e9, non comme une question d\u2019origine, mais comme une posture : celle qui relie plut\u00f4t qu\u2019elle n\u2019exclut, celle qui assume les nuances, les contradictions, les identit\u00e9s plurielles, celle qui compose avec la complexit\u00e9 plut\u00f4t que de la r\u00e9duire.<\/p><p data-start=\"1670\" data-end=\"1891\">C\u2019est le sens de <strong data-start=\"1687\" data-end=\"1704\">Cap M\u00e9tissage<\/strong> : un mouvement, un prisme, une promesse. Parce que m\u00e9tisser nos regards, nos gouvernances et nos fa\u00e7ons d\u2019exercer le pouvoir, ce n\u2019est pas un id\u00e9al na\u00eff. C\u2019est une urgence strat\u00e9gique.<\/p>\t\t\t\t\t\t\t\t<\/div>\n\t\t\t\t<\/div>\n\t\t\t\t\t<\/div>\n\t\t<\/div>\n\t\t\t\t\t<\/div>\n\t\t<\/section>\n\t\t\t\t<section class=\"elementor-section elementor-top-section elementor-element elementor-element-5cdff65 elementor-section-boxed elementor-section-height-default elementor-section-height-default\" data-id=\"5cdff65\" data-element_type=\"section\" data-e-type=\"section\" data-settings=\"{&quot;background_background&quot;:&quot;slideshow&quot;,&quot;background_slideshow_gallery&quot;:[{&quot;id&quot;:3638,&quot;url&quot;:&quot;https:\\\/\\\/taniagombert.com\\\/wp-content\\\/uploads\\\/2025\\\/05\\\/Paper_09.png&quot;}],&quot;background_slideshow_loop&quot;:&quot;yes&quot;,&quot;background_slideshow_slide_duration&quot;:5000,&quot;background_slideshow_slide_transition&quot;:&quot;fade&quot;,&quot;background_slideshow_transition_duration&quot;:500}\">\n\t\t\t\t\t\t\t<div class=\"elementor-background-overlay\"><\/div>\n\t\t\t\t\t\t\t<div class=\"elementor-container elementor-column-gap-default\">\n\t\t\t\t\t<div class=\"elementor-column elementor-col-100 elementor-top-column elementor-element elementor-element-185b92e\" data-id=\"185b92e\" data-element_type=\"column\" data-e-type=\"column\">\n\t\t\t<div class=\"elementor-widget-wrap elementor-element-populated\">\n\t\t\t\t\t\t<div class=\"elementor-element elementor-element-940204b elementor-widget elementor-widget-heading\" data-id=\"940204b\" data-element_type=\"widget\" data-e-type=\"widget\" data-widget_type=\"heading.default\">\n\t\t\t\t<div class=\"elementor-widget-container\">\n\t\t\t\t\t<h2 class=\"elementor-heading-title elementor-size-default\">Du pouvoir au service \u00e0 la puissance collective<\/h2>\t\t\t\t<\/div>\n\t\t\t\t<\/div>\n\t\t\t\t<div class=\"elementor-element elementor-element-992cd88 elementor-widget elementor-widget-text-editor\" data-id=\"992cd88\" data-element_type=\"widget\" data-e-type=\"widget\" data-widget_type=\"text-editor.default\">\n\t\t\t\t<div class=\"elementor-widget-container\">\n\t\t\t\t\t\t\t\t\t<p data-start=\"1955\" data-end=\"2232\">Longtemps, le pouvoir a \u00e9t\u00e9 con\u00e7u comme un sommet. Une pyramide o\u00f9 les d\u00e9cisions descendent du haut, o\u00f9 la l\u00e9gitimit\u00e9 s\u2019h\u00e9rite ou s\u2019impose, o\u00f9 la force du discours prime sur la force du lien. Ce mod\u00e8le a produit des empires, des r\u00e9ussites, mais aussi des fractures profondes.<\/p><p data-start=\"2234\" data-end=\"2554\">Aujourd\u2019hui, dans un monde interconnect\u00e9, travers\u00e9 par des crises multiples \u2013 sociales, environnementales, technologiques \u2013 le leadership pyramidal ne suffit plus. Ce qui fait la diff\u00e9rence, ce n\u2019est plus la capacit\u00e9 \u00e0 \u201ctenir\u201d le pouvoir, mais \u00e0 le redistribuer. Le pouvoir devient service, catalyseur, \u00e9lan collectif.<\/p><p data-start=\"2556\" data-end=\"2872\">Le leader m\u00e9tiss\u00e9 ne r\u00e8gne pas, il relie. Il sait que la puissance ne se mesure plus \u00e0 la taille de l\u2019ego, mais \u00e0 la qualit\u00e9 des alliances. Il int\u00e8gre la diversit\u00e9 comme levier d\u2019intelligence, pas comme sujet de communication. Il ne cherche pas \u00e0 briller seul, mais \u00e0 cr\u00e9er les conditions d\u2019un rayonnement partag\u00e9.<\/p><p data-start=\"2874\" data-end=\"3279\">Dans les entreprises, cela se traduit par des gouvernances plus horizontales, des coalitions de sens, des espaces de dialogue o\u00f9 chacun peut contribuer. Le leadership m\u00e9tiss\u00e9, c\u2019est celui qui sait naviguer entre les codes \u2013 \u00e9conomiques, culturels, \u00e9motionnels \u2013 sans perdre le cap de l\u2019humain. Il ne d\u00e9tient pas la v\u00e9rit\u00e9 : il cr\u00e9e les conditions pour que plusieurs v\u00e9rit\u00e9s coexistent et s\u2019enrichissent.<\/p>\t\t\t\t\t\t\t\t<\/div>\n\t\t\t\t<\/div>\n\t\t\t\t<div class=\"elementor-element elementor-element-ea58d1c elementor-widget elementor-widget-heading\" data-id=\"ea58d1c\" data-element_type=\"widget\" data-e-type=\"widget\" data-widget_type=\"heading.default\">\n\t\t\t\t<div class=\"elementor-widget-container\">\n\t\t\t\t\t<h2 class=\"elementor-heading-title elementor-size-default\">M\u00e9tissage : une force de r\u00e9silience et d\u2019innovation<\/h2>\t\t\t\t<\/div>\n\t\t\t\t<\/div>\n\t\t\t\t<div class=\"elementor-element elementor-element-608ca22 elementor-widget elementor-widget-text-editor\" data-id=\"608ca22\" data-element_type=\"widget\" data-e-type=\"widget\" data-widget_type=\"text-editor.default\">\n\t\t\t\t<div class=\"elementor-widget-container\">\n\t\t\t\t\t\t\t\t\t<p data-start=\"3347\" data-end=\"3707\">Quand on parle de m\u00e9tissage, beaucoup pensent imm\u00e9diatement \u00e0 la couleur de peau, \u00e0 la diversit\u00e9 visible. Mais le m\u00e9tissage dont il est question ici est plus large, plus intime, plus syst\u00e9mique. C\u2019est le m\u00e9tissage des parcours, des id\u00e9es, des cultures professionnelles, des disciplines. C\u2019est cette capacit\u00e9 \u00e0 cr\u00e9er des ponts entre des mondes qui s\u2019ignorent.<\/p><p data-start=\"3709\" data-end=\"4040\">Le m\u00e9tissage, c\u2019est la vie. Dans la nature, dans les soci\u00e9t\u00e9s, dans l\u2019\u00e9conomie, c\u2019est la diversit\u00e9 qui garantit la r\u00e9silience. Une for\u00eat monosp\u00e9cifique s\u2019effondre \u00e0 la premi\u00e8re temp\u00eate ; une organisation homog\u00e8ne s\u2019\u00e9puise dans la r\u00e9p\u00e9tition. Le m\u00e9tissage, au contraire, permet d\u2019absorber les chocs, d\u2019apprendre, de se r\u00e9inventer.<\/p><p data-start=\"4042\" data-end=\"4383\">Les dirigeants de demain seront ceux qui auront su s\u2019entourer de profils diff\u00e9rents, de points de vue divergents, d\u2019exp\u00e9riences contrast\u00e9es. Ils sauront conjuguer intuition et data, \u00e9motion et strat\u00e9gie, action et contemplation. Ils auront compris que la performance durable n\u2019est pas une affaire de conformit\u00e9, mais d\u2019\u00e9quilibre dynamique.<\/p><p data-start=\"4385\" data-end=\"4694\">C\u2019est cela, le leadership m\u00e9tiss\u00e9 : un leadership agile, curieux, conscient de ses privil\u00e8ges, mais aussi de ses limites. Un leadership qui ne cherche pas \u00e0 lisser les diff\u00e9rences, mais \u00e0 les orchestrer. Et dans un monde d\u2019incertitude, c\u2019est peut-\u00eatre la plus grande force que puisse avoir une organisation.<\/p>\t\t\t\t\t\t\t\t<\/div>\n\t\t\t\t<\/div>\n\t\t\t\t<div class=\"elementor-element elementor-element-57c75db elementor-widget elementor-widget-heading\" data-id=\"57c75db\" data-element_type=\"widget\" data-e-type=\"widget\" data-widget_type=\"heading.default\">\n\t\t\t\t<div class=\"elementor-widget-container\">\n\t\t\t\t\t<h2 class=\"elementor-heading-title elementor-size-default\">Cap M\u00e9tissage : du manifeste \u00e0 la m\u00e9thode<\/h2>\t\t\t\t<\/div>\n\t\t\t\t<\/div>\n\t\t\t\t<div class=\"elementor-element elementor-element-a362bd2 elementor-widget elementor-widget-text-editor\" data-id=\"a362bd2\" data-element_type=\"widget\" data-e-type=\"widget\" data-widget_type=\"text-editor.default\">\n\t\t\t\t<div class=\"elementor-widget-container\">\n\t\t\t\t\t\t\t\t\t<article class=\"text-token-text-primary w-full focus:outline-none [--shadow-height:45px] has-data-writing-block:pointer-events-none has-data-writing-block:-mt-(--shadow-height) has-data-writing-block:pt-(--shadow-height) [&amp;:has([data-writing-block])&gt;*]:pointer-events-auto [content-visibility:auto] supports-[content-visibility:auto]:[contain-intrinsic-size:auto_100lvh] scroll-mt-[calc(var(--header-height)+min(200px,max(70px,20svh)))]\" dir=\"auto\" tabindex=\"-1\" data-turn-id=\"request-6904c59b-9324-8331-96a2-5d6e9d11d364-2\" data-testid=\"conversation-turn-24\" data-scroll-anchor=\"true\" data-turn=\"assistant\"><div class=\"text-base my-auto mx-auto pb-10 [--thread-content-margin:--spacing(4)] thread-sm:[--thread-content-margin:--spacing(6)] thread-lg:[--thread-content-margin:--spacing(16)] px-(--thread-content-margin)\"><div class=\"[--thread-content-max-width:40rem] thread-lg:[--thread-content-max-width:48rem] mx-auto max-w-(--thread-content-max-width) flex-1 group\/turn-messages focus-visible:outline-hidden relative flex w-full min-w-0 flex-col agent-turn\" tabindex=\"-1\"><div class=\"flex max-w-full flex-col grow\"><div class=\"min-h-8 text-message relative flex w-full flex-col items-end gap-2 text-start break-words whitespace-normal [.text-message+&amp;]:mt-1\" dir=\"auto\" data-message-author-role=\"assistant\" data-message-id=\"36c766cd-d2af-4e93-9ba4-a378a00a3ba9\" data-message-model-slug=\"gpt-5\"><div class=\"flex w-full flex-col gap-1 empty:hidden first:pt-[1px]\"><div class=\"markdown prose dark:prose-invert w-full break-words light markdown-new-styling\"><p data-start=\"4752\" data-end=\"4978\"><strong data-start=\"4752\" data-end=\"4769\">Cap M\u00e9tissage<\/strong>, c\u2019est d\u2019abord une conviction : celle que nos identit\u00e9s multiples sont des leviers de transformation collective. Mais c\u2019est aussi une m\u00e9thode, une mani\u00e8re d\u2019aborder la complexit\u00e9 avec exigence et ouverture.<\/p><p data-start=\"4980\" data-end=\"5153\">Le \u201ccap\u201d, c\u2019est la direction. Le \u201cm\u00e9tissage\u201d, c\u2019est la mati\u00e8re. Entre les deux, il y a la conscience. Celle qui permet de cr\u00e9er des ponts l\u00e0 o\u00f9 d\u2019autres dressent des murs.<\/p><p data-start=\"5155\" data-end=\"5433\">Depuis la cr\u00e9ation de Cap M\u00e9tissage, j\u2019ai vu \u00e0 quel point les r\u00e9cits pouvaient gu\u00e9rir, relier, transformer. Quand des dirigeants, des artistes, des jeunes ou des femmes en reconversion partagent leurs histoires, il se passe quelque chose : une reconnexion \u00e0 soi et aux autres.<\/p><p data-start=\"5435\" data-end=\"5599\">C\u2019est ce que j\u2019appelle la gouvernance sensible : une fa\u00e7on d\u2019exercer la responsabilit\u00e9 qui int\u00e8gre la part humaine, \u00e9motionnelle et culturelle de chaque d\u00e9cision.<\/p><p data-start=\"5601\" data-end=\"5898\">Dans les organisations, cela se traduit par des formations, des cercles de dialogue, des ateliers de co-construction. Dans la soci\u00e9t\u00e9, cela prend la forme d\u2019\u00e9v\u00e9nements, de podcasts, de tribunes, d\u2019initiatives collectives. Le m\u00e9tissage devient alors un outil strat\u00e9gique, pas un suppl\u00e9ment d\u2019\u00e2me.<\/p><p data-start=\"5900\" data-end=\"6076\">Parce qu\u2019au fond, gouverner aujourd\u2019hui, c\u2019est faire face \u00e0 la complexit\u00e9 sans la nier. Et cela exige une nouvelle grammaire du pouvoir : inclusive, transversale, consciente.<\/p><p data-start=\"6078\" data-end=\"6658\">Et surtout, il faut rappeler une \u00e9vidence : <strong data-start=\"6122\" data-end=\"6151\">le monde est d\u00e9j\u00e0 m\u00e9tiss\u00e9<\/strong>. Les cultures se croisent, les trajectoires se m\u00e9langent, les identit\u00e9s se superposent. La soci\u00e9t\u00e9 dans laquelle nous vivons est plurielle, diverse, connect\u00e9e. D\u00e8s lors, il ne s\u2019agit plus de \u201cpromouvoir\u201d la diversit\u00e9 comme une option, mais de faire en sorte que le pouvoir refl\u00e8te r\u00e9ellement la soci\u00e9t\u00e9 qu\u2019il sert. Le leadership m\u00e9tiss\u00e9 n\u2019est pas un luxe moral : c\u2019est une exigence de repr\u00e9sentativit\u00e9 et d\u2019efficacit\u00e9. Un pouvoir qui n\u2019int\u00e8gre pas la diversit\u00e9 du monde est un pouvoir d\u00e9connect\u00e9 du r\u00e9el.<\/p><\/div><\/div><\/div><\/div><\/div><\/div><\/article>\t\t\t\t\t\t\t\t<\/div>\n\t\t\t\t<\/div>\n\t\t\t\t<div class=\"elementor-element elementor-element-4c65057 elementor-widget elementor-widget-heading\" data-id=\"4c65057\" data-element_type=\"widget\" data-e-type=\"widget\" data-widget_type=\"heading.default\">\n\t\t\t\t<div class=\"elementor-widget-container\">\n\t\t\t\t\t<h2 class=\"elementor-heading-title elementor-size-default\">Repenser la gouvernance : du \u201cje dirige\u201d au \u201cnous pilotons\u201d<\/h2>\t\t\t\t<\/div>\n\t\t\t\t<\/div>\n\t\t\t\t<div class=\"elementor-element elementor-element-371f5bb elementor-widget elementor-widget-text-editor\" data-id=\"371f5bb\" data-element_type=\"widget\" data-e-type=\"widget\" data-widget_type=\"text-editor.default\">\n\t\t\t\t<div class=\"elementor-widget-container\">\n\t\t\t\t\t\t\t\t\t<p data-start=\"6734\" data-end=\"6960\">Le pouvoir vertical cr\u00e9e de la distance. Il installe des silos, il freine l\u2019apprentissage, il alimente la peur. Le leadership m\u00e9tiss\u00e9, lui, invite \u00e0 la co-construction. Il accepte le doute, la porosit\u00e9, la co-responsabilit\u00e9.<\/p><p data-start=\"6962\" data-end=\"7236\">Cela ne veut pas dire absence de direction ou de d\u00e9cision. Au contraire : c\u2019est une gouvernance exigeante, parce qu\u2019elle oblige \u00e0 \u00e9couter, \u00e0 arbitrer, \u00e0 int\u00e9grer des perspectives parfois oppos\u00e9es. C\u2019est un art de la nuance, une comp\u00e9tence politique au sens noble du terme.<\/p><p data-start=\"7238\" data-end=\"7486\">Dans cette logique, la posture du leader change : il devient gardien du cap plut\u00f4t que gardien du temple. Son r\u00f4le n\u2019est plus de prot\u00e9ger un mod\u00e8le h\u00e9rit\u00e9, mais d\u2019accompagner la transformation en respectant les identit\u00e9s et les valeurs de chacun.<\/p><p data-start=\"7488\" data-end=\"7746\">Cette gouvernance m\u00e9tiss\u00e9e repose sur trois piliers : la diversit\u00e9 des voix, pour \u00e9largir les angles morts ; la transversalit\u00e9 des expertises, pour d\u00e9cloisonner les approches ; la responsabilit\u00e9 partag\u00e9e, pour faire de chaque d\u00e9cision une \u0153uvre collective.<\/p><p data-start=\"7748\" data-end=\"8038\">On parle beaucoup de leadership inclusif : c\u2019est une \u00e9tape n\u00e9cessaire. Mais le leadership m\u00e9tiss\u00e9 va plus loin. Il ne se contente pas d\u2019int\u00e9grer des diff\u00e9rences, il en fait une matrice d\u2019action. Il assume que la complexit\u00e9 n\u2019est pas un probl\u00e8me \u00e0 r\u00e9soudre, mais une richesse \u00e0 orchestrer.<\/p><p data-start=\"8040\" data-end=\"8286\">Dans un monde o\u00f9 tout s\u2019acc\u00e9l\u00e8re, o\u00f9 les intelligences artificielles red\u00e9finissent le travail, o\u00f9 les fronti\u00e8res entre vie professionnelle et personnelle se brouillent, ce type de leadership est plus qu\u2019un atout : c\u2019est une condition de survie.<\/p>\t\t\t\t\t\t\t\t<\/div>\n\t\t\t\t<\/div>\n\t\t\t\t<div class=\"elementor-element elementor-element-a06b1fb elementor-widget elementor-widget-heading\" data-id=\"a06b1fb\" data-element_type=\"widget\" data-e-type=\"widget\" data-widget_type=\"heading.default\">\n\t\t\t\t<div class=\"elementor-widget-container\">\n\t\t\t\t\t<h2 class=\"elementor-heading-title elementor-size-default\">Vers une conscience du pouvoir partag\u00e9<\/h2>\t\t\t\t<\/div>\n\t\t\t\t<\/div>\n\t\t\t\t<div class=\"elementor-element elementor-element-78f6a1d elementor-widget elementor-widget-text-editor\" data-id=\"78f6a1d\" data-element_type=\"widget\" data-e-type=\"widget\" data-widget_type=\"text-editor.default\">\n\t\t\t\t<div class=\"elementor-widget-container\">\n\t\t\t\t\t\t\t\t\t<p data-start=\"8341\" data-end=\"8773\">Le leadership m\u00e9tiss\u00e9 n\u2019est pas une utopie. C\u2019est une \u00e9volution naturelle, port\u00e9e par les mutations du monde, les aspirations des nouvelles g\u00e9n\u00e9rations et les exigences de durabilit\u00e9. Mais pour qu\u2019il s\u2019incarne vraiment, il faudra du courage. Celui d\u2019interroger nos privil\u00e8ges. Celui de renoncer \u00e0 certains symboles du pouvoir pour en red\u00e9finir la substance. Celui de transformer la performance en sens, et la croissance en impact.<\/p><p data-start=\"8775\" data-end=\"9008\">Vers un leadership conscient, m\u00e9tiss\u00e9, humaniste. Un leadership qui ne se construit pas contre, mais avec. Un leadership qui ne parle pas seulement d\u2019inclusion, mais la pratique dans sa mani\u00e8re de d\u00e9cider, de communiquer, de cr\u00e9er.<\/p><p data-start=\"9010\" data-end=\"9315\">Le m\u00e9tissage est une promesse. Celle d\u2019un monde o\u00f9 la richesse des identit\u00e9s devient le moteur des transformations. Celle d\u2019un pouvoir qui relie les diff\u00e9rences au lieu de les hi\u00e9rarchiser. Celle, enfin, d\u2019un avenir o\u00f9 gouverner, c\u2019est incarner la complexit\u00e9 du r\u00e9el avec lucidit\u00e9, courage et tendresse.<\/p>\t\t\t\t\t\t\t\t<\/div>\n\t\t\t\t<\/div>\n\t\t\t\t<div class=\"elementor-element elementor-element-a1c19af elementor-view-default elementor-widget elementor-widget-icon\" data-id=\"a1c19af\" data-element_type=\"widget\" data-e-type=\"widget\" data-widget_type=\"icon.default\">\n\t\t\t\t<div class=\"elementor-widget-container\">\n\t\t\t\t\t\t\t<div class=\"elementor-icon-wrapper\">\n\t\t\t<div class=\"elementor-icon elementor-animation-grow\">\n\t\t\t<i aria-hidden=\"true\" class=\"fas fa-quote-left\"><\/i>\t\t\t<\/div>\n\t\t<\/div>\n\t\t\t\t\t\t<\/div>\n\t\t\t\t<\/div>\n\t\t\t\t<div class=\"elementor-element elementor-element-35c365d elementor-widget elementor-widget-testimonial\" data-id=\"35c365d\" data-element_type=\"widget\" data-e-type=\"widget\" data-widget_type=\"testimonial.default\">\n\t\t\t\t<div class=\"elementor-widget-container\">\n\t\t\t\t\t\t\t<div class=\"elementor-testimonial-wrapper\">\n\t\t\t\t\t\t\t<div class=\"elementor-testimonial-content\">Le m\u00e9tissage n\u2019est pas une identit\u00e9 en soi, c\u2019est une dynamique. C\u2019est la capacit\u00e9 \u00e0 accueillir les paradoxes, \u00e0 transformer les fractures en forces, et \u00e0 faire de la diversit\u00e9 un art de gouverner.<\/div>\n\t\t\t\n\t\t\t\t\t<\/div>\n\t\t\t\t\t\t<\/div>\n\t\t\t\t<\/div>\n\t\t\t\t<div class=\"elementor-element elementor-element-f3146ac elementor-widget elementor-widget-text-editor\" data-id=\"f3146ac\" data-element_type=\"widget\" data-e-type=\"widget\" data-widget_type=\"text-editor.default\">\n\t\t\t\t<div class=\"elementor-widget-container\">\n\t\t\t\t\t\t\t\t\t<p>Et si le vrai pouvoir, demain, c\u2019\u00e9tait celui de relier plut\u00f4t que de r\u00e9gner ?<\/p>\t\t\t\t\t\t\t\t<\/div>\n\t\t\t\t<\/div>\n\t\t\t\t<div class=\"elementor-element elementor-element-58dc6a4 elementor-widget elementor-widget-text-editor\" data-id=\"58dc6a4\" data-element_type=\"widget\" data-e-type=\"widget\" data-widget_type=\"text-editor.default\">\n\t\t\t\t<div class=\"elementor-widget-container\">\n\t\t\t\t\t\t\t\t\t<p>#LeadershipM\u00e9tiss\u00e9 #GouvernanceInclusive #Mixit\u00e9 #CapM\u00e9tissage #PouvoirPartag\u00e9 #LeadershipConscient #Diversit\u00e9 #Innovation #TransformationDesOrganisations #Inclusion #HumanTech #TaniaGombert<\/p>\t\t\t\t\t\t\t\t<\/div>\n\t\t\t\t<\/div>\n\t\t\t\t\t<\/div>\n\t\t<\/div>\n\t\t\t\t\t<\/div>\n\t\t<\/section>\n\t\t\t\t<section class=\"elementor-section elementor-top-section elementor-element elementor-element-45f8fe0 elementor-section-boxed elementor-section-height-default elementor-section-height-default\" data-id=\"45f8fe0\" data-element_type=\"section\" data-e-type=\"section\" data-settings=\"{&quot;background_background&quot;:&quot;classic&quot;}\">\n\t\t\t\t\t\t<div class=\"elementor-container elementor-column-gap-default\">\n\t\t\t\t\t<div class=\"elementor-column elementor-col-100 elementor-top-column elementor-element elementor-element-e2afa2a\" data-id=\"e2afa2a\" data-element_type=\"column\" data-e-type=\"column\">\n\t\t\t<div class=\"elementor-widget-wrap elementor-element-populated\">\n\t\t\t\t\t\t<div class=\"elementor-element elementor-element-b654202 elementor-widget elementor-widget-post-navigation\" data-id=\"b654202\" data-element_type=\"widget\" data-e-type=\"widget\" data-widget_type=\"post-navigation.default\">\n\t\t\t\t<div class=\"elementor-widget-container\">\n\t\t\t\t\t \t\t\t\t<\/div>\n\t\t\t\t<\/div>\n\t\t\t\t\t<\/div>\n\t\t<\/div>\n\t\t\t\t\t<\/div>\n\t\t<\/section>\n\t\t\t\t<section class=\"elementor-section elementor-top-section elementor-element elementor-element-9ee4fc7 elementor-section-full_width elementor-section-height-default elementor-section-height-default\" data-id=\"9ee4fc7\" data-element_type=\"section\" data-e-type=\"section\" data-settings=\"{&quot;background_background&quot;:&quot;classic&quot;}\">\n\t\t\t\t\t\t<div class=\"elementor-container elementor-column-gap-default\">\n\t\t\t\t\t<div class=\"elementor-column elementor-col-100 elementor-top-column elementor-element elementor-element-db681ae\" data-id=\"db681ae\" data-element_type=\"column\" data-e-type=\"column\">\n\t\t\t<div class=\"elementor-widget-wrap elementor-element-populated\">\n\t\t\t\t\t\t<div class=\"elementor-element elementor-element-f7d46f6 elementor-widget elementor-widget-posts\" data-id=\"f7d46f6\" data-element_type=\"widget\" data-e-type=\"widget\" data-widget_type=\"posts.cards\">\n\t\t\t\t<div class=\"elementor-widget-container\">\n\t\t\t\t\t \t\t\t\t<\/div>\n\t\t\t\t<\/div>\n\t\t\t\t\t<\/div>\n\t\t<\/div>\n\t\t\t\t\t<\/div>\n\t\t<\/section>\n\t\t\t\t<\/div>\n\t\t","protected":false},"excerpt":{"rendered":"<p>Le pouvoir change de visage : fini la domination, place \u00e0 la reliance. Le leadership m\u00e9tiss\u00e9 incarne un mod\u00e8le plus humain, ancr\u00e9 dans la complexit\u00e9 du monde. Le m\u00e9tissage n\u2019est pas qu\u2019une question d\u2019origine, mais une posture ouverte, consciente et collective. Le monde est d\u00e9j\u00e0 m\u00e9tiss\u00e9 : le pouvoir doit d\u00e9sormais en refl\u00e9ter la diversit\u00e9. Ce leadership relie les diff\u00e9rences, cr\u00e9e du sens et redonne au collectif sa force. C\u2019est un appel \u00e0 gouverner autrement, avec lucidit\u00e9, courage et humanit\u00e9.<\/p>\n","protected":false},"author":1,"featured_media":3884,"comment_status":"open","ping_status":"open","sticky":false,"template":"","format":"standard","meta":{"zakra_general_container_width":0,"zakra_general_content_width":0,"zakra_general_sidebar_width":0,"zakra_sticky_header":"customizer","zakra_header_main_area":true,"zakra_site_logo_width":0,"zakra_header_top_enabled":"customizer","zakra_header_top_style":"customizer","zakra_primary_menu_item_style":"customizer","zakra_page_header_text_color":"","zakra_page_header_layout":"customizer","zakra_page_title_bg":"","zakra_footer_widgets_bg_image":0,"zakra_page_title_bg_repeat":"customizer","zakra_page_title_bg_position":"customizer","zakra_page_title_bg_size":"customizer","zakra_page_title_bg_attachment":"customizer","zakra_breadcrumbs_enabled":"customizer","zakra_breadcrumbs_text_color":"","zakra_breadcrumbs_separator_color":"","zakra_breadcrumbs_link_color":"","zakra_breadcrumbs_link_hover_color":"","zakra_page_title_bg_image":0,"zakra_footer_widgets_enabled":"customizer","zakra_footer_column_layout_1_style":"customizer","zakra_footer_widgets_bg":"","zakra_footer_widgets_bg_repeat":"customizer","zakra_footer_widgets_bg_position":"customizer","zakra_footer_widgets_bg_size":"customizer","zakra_footer_widgets_bg_attachment":"customizer","zakra_footer_bar_enabled":"customizer","zakra_footer_bar_style":"customizer","zakra_page_container_layout":"customizer","zakra_page_sidebar_layout":"customizer","zakra_remove_content_margin":false,"zakra_sidebar":"customizer","zakra_transparent_header":"customizer","zakra_logo":0,"zakra_main_header_style":"default","zakra_menu_item_color":"","zakra_menu_item_hover_color":"","zakra_menu_item_active_color":"","zakra_menu_active_style":"","zakra_page_header":true,"om_disable_all_campaigns":false,"_uf_show_specific_survey":0,"_uf_disable_surveys":false,"footnotes":""},"categories":[44,48,6,37,45],"tags":[15,14],"class_list":["post-3961","post","type-post","status-publish","format-standard","has-post-thumbnail","hentry","category-diversite","category-engagement","category-motsamaux","category-strategie","category-transformation-culturelle","tag-diversite","tag-mixite"],"aioseo_notices":[],"_links":{"self":[{"href":"https:\/\/taniagombert.com\/index.php\/wp-json\/wp\/v2\/posts\/3961","targetHints":{"allow":["GET"]}}],"collection":[{"href":"https:\/\/taniagombert.com\/index.php\/wp-json\/wp\/v2\/posts"}],"about":[{"href":"https:\/\/taniagombert.com\/index.php\/wp-json\/wp\/v2\/types\/post"}],"author":[{"embeddable":true,"href":"https:\/\/taniagombert.com\/index.php\/wp-json\/wp\/v2\/users\/1"}],"replies":[{"embeddable":true,"href":"https:\/\/taniagombert.com\/index.php\/wp-json\/wp\/v2\/comments?post=3961"}],"version-history":[{"count":9,"href":"https:\/\/taniagombert.com\/index.php\/wp-json\/wp\/v2\/posts\/3961\/revisions"}],"predecessor-version":[{"id":4224,"href":"https:\/\/taniagombert.com\/index.php\/wp-json\/wp\/v2\/posts\/3961\/revisions\/4224"}],"wp:featuredmedia":[{"embeddable":true,"href":"https:\/\/taniagombert.com\/index.php\/wp-json\/wp\/v2\/media\/3884"}],"wp:attachment":[{"href":"https:\/\/taniagombert.com\/index.php\/wp-json\/wp\/v2\/media?parent=3961"}],"wp:term":[{"taxonomy":"category","embeddable":true,"href":"https:\/\/taniagombert.com\/index.php\/wp-json\/wp\/v2\/categories?post=3961"},{"taxonomy":"post_tag","embeddable":true,"href":"https:\/\/taniagombert.com\/index.php\/wp-json\/wp\/v2\/tags?post=3961"}],"curies":[{"name":"wp","href":"https:\/\/api.w.org\/{rel}","templated":true}]}}