{"id":3971,"date":"2024-04-03T13:33:30","date_gmt":"2024-04-03T11:33:30","guid":{"rendered":"https:\/\/taniagombert.com\/?p=3971"},"modified":"2025-11-06T17:31:50","modified_gmt":"2025-11-06T15:31:50","slug":"la-croissance-responsable-utopie-ou-strategie-du-futur","status":"publish","type":"post","link":"https:\/\/taniagombert.com\/index.php\/2024\/04\/03\/la-croissance-responsable-utopie-ou-strategie-du-futur\/","title":{"rendered":"La croissance responsable : utopie ou strat\u00e9gie du futur ?"},"content":{"rendered":"\t\t<div data-elementor-type=\"wp-post\" data-elementor-id=\"3971\" class=\"elementor elementor-3971\">\n\t\t\t\t\t\t<section class=\"elementor-section elementor-top-section elementor-element elementor-element-66eb138 elementor-section-boxed elementor-section-height-default elementor-section-height-default\" data-id=\"66eb138\" data-element_type=\"section\" data-e-type=\"section\" data-settings=\"{&quot;background_background&quot;:&quot;classic&quot;}\">\n\t\t\t\t\t\t<div class=\"elementor-container elementor-column-gap-default\">\n\t\t\t\t\t<div class=\"elementor-column elementor-col-100 elementor-top-column elementor-element elementor-element-23646dd\" data-id=\"23646dd\" data-element_type=\"column\" data-e-type=\"column\">\n\t\t\t<div class=\"elementor-widget-wrap elementor-element-populated\">\n\t\t\t\t\t\t<div class=\"elementor-element elementor-element-268facc elementor-widget elementor-widget-heading\" data-id=\"268facc\" data-element_type=\"widget\" data-e-type=\"widget\" data-widget_type=\"heading.default\">\n\t\t\t\t<div class=\"elementor-widget-container\">\n\t\t\t\t\t<h1 class=\"elementor-heading-title elementor-size-default\">La croissance responsable : utopie ou strat\u00e9gie du futur ?<\/h1>\t\t\t\t<\/div>\n\t\t\t\t<\/div>\n\t\t\t\t\t<\/div>\n\t\t<\/div>\n\t\t\t\t\t<\/div>\n\t\t<\/section>\n\t\t\t\t<section class=\"elementor-section elementor-top-section elementor-element elementor-element-483360b elementor-section-boxed elementor-section-height-default elementor-section-height-default\" data-id=\"483360b\" data-element_type=\"section\" data-e-type=\"section\" data-settings=\"{&quot;background_background&quot;:&quot;classic&quot;}\">\n\t\t\t\t\t\t<div class=\"elementor-container elementor-column-gap-default\">\n\t\t\t\t\t<div class=\"elementor-column elementor-col-50 elementor-top-column elementor-element elementor-element-c4ef0a9\" data-id=\"c4ef0a9\" data-element_type=\"column\" data-e-type=\"column\">\n\t\t\t<div class=\"elementor-widget-wrap elementor-element-populated\">\n\t\t\t\t\t\t<div class=\"elementor-element elementor-element-514cebb elementor-widget__width-initial elementor-widget elementor-widget-image\" data-id=\"514cebb\" data-element_type=\"widget\" data-e-type=\"widget\" data-widget_type=\"image.default\">\n\t\t\t\t<div class=\"elementor-widget-container\">\n\t\t\t\t\t\t\t\t\t\t\t\t\t\t\t<img fetchpriority=\"high\" decoding=\"async\" width=\"1440\" height=\"1920\" src=\"https:\/\/taniagombert.com\/wp-content\/uploads\/2025\/11\/Tania-pensive-scaled.webp\" class=\"attachment-full size-full wp-image-3972\" alt=\"\" srcset=\"https:\/\/taniagombert.com\/wp-content\/uploads\/2025\/11\/Tania-pensive-scaled.webp 1440w, https:\/\/taniagombert.com\/wp-content\/uploads\/2025\/11\/Tania-pensive-225x300.webp 225w, https:\/\/taniagombert.com\/wp-content\/uploads\/2025\/11\/Tania-pensive-768x1024.webp 768w, https:\/\/taniagombert.com\/wp-content\/uploads\/2025\/11\/Tania-pensive-1152x1536.webp 1152w\" sizes=\"(max-width: 1440px) 100vw, 1440px\" \/>\t\t\t\t\t\t\t\t\t\t\t\t\t\t\t<\/div>\n\t\t\t\t<\/div>\n\t\t\t\t\t<\/div>\n\t\t<\/div>\n\t\t\t\t<div class=\"elementor-column elementor-col-50 elementor-top-column elementor-element elementor-element-6e34dbf\" data-id=\"6e34dbf\" data-element_type=\"column\" data-e-type=\"column\">\n\t\t\t<div class=\"elementor-widget-wrap elementor-element-populated\">\n\t\t\t\t\t\t<div class=\"elementor-element elementor-element-e86f79a elementor-widget elementor-widget-text-editor\" data-id=\"e86f79a\" data-element_type=\"widget\" data-e-type=\"widget\" data-widget_type=\"text-editor.default\">\n\t\t\t\t<div class=\"elementor-widget-container\">\n\t\t\t\t\t\t\t\t\t<p data-start=\"696\" data-end=\"1009\">L&rsquo;heure des choix courageux<\/p><p data-start=\"696\" data-end=\"1009\">Pendant longtemps, la croissance a \u00e9t\u00e9 un mot magique. Synonyme de r\u00e9ussite, de progr\u00e8s, d\u2019emploi, de comp\u00e9titivit\u00e9. On la brandissait comme un totem, sans se demander quel en \u00e9tait le prix. Le climat, les in\u00e9galit\u00e9s, la d\u00e9fiance sociale nous rappellent aujourd\u2019hui qu\u2019il n\u2019y a plus de croissance sans conscience.<\/p><p data-start=\"1011\" data-end=\"1099\">La question n\u2019est donc plus \u201cfaut-il \u00eatre responsable\u201d mais \u201ccomment grandir autrement\u201d.<\/p><p data-start=\"1101\" data-end=\"1390\">Nous sommes \u00e0 un tournant. Celui o\u00f9 les entreprises ne peuvent plus se contenter d\u2019actions responsables ponctuelles pour verdir leur image. Ce temps-l\u00e0 est r\u00e9volu. L\u2019avenir appartient \u00e0 celles qui assument une vision, qui font du sens une strat\u00e9gie et de l\u2019impact un moteur de performance.<\/p><p data-start=\"1392\" data-end=\"1712\">En accompagnant des dirigeants et des organisations en qu\u00eate d\u2019\u00e9quilibre entre ambition \u00e9conomique et responsabilit\u00e9 sociale, je le constate chaque jour. La croissance responsable n\u2019est pas une utopie. C\u2019est une exigence. C\u2019est m\u00eame, osons le dire, la seule strat\u00e9gie de croissance viable dans un monde qui se red\u00e9finit.<\/p>\t\t\t\t\t\t\t\t<\/div>\n\t\t\t\t<\/div>\n\t\t\t\t\t<\/div>\n\t\t<\/div>\n\t\t\t\t\t<\/div>\n\t\t<\/section>\n\t\t\t\t<section class=\"elementor-section elementor-top-section elementor-element elementor-element-6727b5b elementor-section-boxed elementor-section-height-default elementor-section-height-default\" data-id=\"6727b5b\" data-element_type=\"section\" data-e-type=\"section\" data-settings=\"{&quot;background_background&quot;:&quot;slideshow&quot;,&quot;background_slideshow_gallery&quot;:[{&quot;id&quot;:3638,&quot;url&quot;:&quot;https:\\\/\\\/taniagombert.com\\\/wp-content\\\/uploads\\\/2025\\\/05\\\/Paper_09.png&quot;}],&quot;background_slideshow_loop&quot;:&quot;yes&quot;,&quot;background_slideshow_slide_duration&quot;:5000,&quot;background_slideshow_slide_transition&quot;:&quot;fade&quot;,&quot;background_slideshow_transition_duration&quot;:500}\">\n\t\t\t\t\t\t\t<div class=\"elementor-background-overlay\"><\/div>\n\t\t\t\t\t\t\t<div class=\"elementor-container elementor-column-gap-default\">\n\t\t\t\t\t<div class=\"elementor-column elementor-col-100 elementor-top-column elementor-element elementor-element-b05090f\" data-id=\"b05090f\" data-element_type=\"column\" data-e-type=\"column\">\n\t\t\t<div class=\"elementor-widget-wrap elementor-element-populated\">\n\t\t\t\t\t\t<div class=\"elementor-element elementor-element-c5c2682 elementor-widget elementor-widget-heading\" data-id=\"c5c2682\" data-element_type=\"widget\" data-e-type=\"widget\" data-widget_type=\"heading.default\">\n\t\t\t\t<div class=\"elementor-widget-container\">\n\t\t\t\t\t<h2 class=\"elementor-heading-title elementor-size-default\">De la RSE cosm\u00e9tique \u00e0 la RSE de conviction<\/h2>\t\t\t\t<\/div>\n\t\t\t\t<\/div>\n\t\t\t\t<div class=\"elementor-element elementor-element-2f2da8b elementor-widget elementor-widget-text-editor\" data-id=\"2f2da8b\" data-element_type=\"widget\" data-e-type=\"widget\" data-widget_type=\"text-editor.default\">\n\t\t\t\t<div class=\"elementor-widget-container\">\n\t\t\t\t\t\t\t\t\t<p data-start=\"1774\" data-end=\"1991\">La RSE n\u2019a pas toujours eu bonne presse. On l\u2019a souvent r\u00e9duite \u00e0 des rapports annuels, \u00e0 des cases \u00e0 cocher, \u00e0 des campagnes de communication bien ficel\u00e9es. Mais la responsabilit\u00e9 ne se d\u00e9cr\u00e8te pas, elle se prouve.<\/p><p data-start=\"1993\" data-end=\"2152\">Une nouvelle g\u00e9n\u00e9ration de dirigeants, d\u2019entrepreneurs et d\u2019investisseurs l\u2019a compris. La RSE ne peut plus \u00eatre p\u00e9riph\u00e9rique. Elle doit \u00eatre au c\u0153ur du mod\u00e8le.<\/p><p data-start=\"2154\" data-end=\"2371\">C\u2019est ce que j\u2019appelle la RSE de conviction. Celle qui s\u2019enracine dans la culture de l\u2019entreprise, dans ses d\u00e9cisions strat\u00e9giques, dans la mani\u00e8re dont elle con\u00e7oit, recrute, produit et interagit avec son \u00e9cosyst\u00e8me.<\/p><p data-start=\"2373\" data-end=\"2515\">Les consommateurs ne s\u2019y trompent pas. Ils sanctionnent les incoh\u00e9rences, d\u00e9masquent le greenwashing et r\u00e9compensent les marques authentiques.<\/p><p data-start=\"2517\" data-end=\"2685\">Patagonia en est l\u2019exemple embl\u00e9matique. En France, des entreprises comme Camif, Danone ou La Ruche qui dit Oui ont emprunt\u00e9 la m\u00eame voie. Pas pour s\u00e9duire. Pour durer.<\/p><p data-start=\"2687\" data-end=\"2927\">La durabilit\u00e9 n\u2019est pas seulement environnementale. Elle est sociale, humaine, \u00e9thique. Une entreprise responsable ne sacrifie pas l\u2019humain au profit du chiffre. Et elle comprend que la performance sans valeurs finit toujours par s\u2019\u00e9puiser.<\/p>\t\t\t\t\t\t\t\t<\/div>\n\t\t\t\t<\/div>\n\t\t\t\t<div class=\"elementor-element elementor-element-2555779 elementor-widget elementor-widget-heading\" data-id=\"2555779\" data-element_type=\"widget\" data-e-type=\"widget\" data-widget_type=\"heading.default\">\n\t\t\t\t<div class=\"elementor-widget-container\">\n\t\t\t\t\t<h2 class=\"elementor-heading-title elementor-size-default\">L\u2019entreprise \u00e0 mission : sens + performance<\/h2>\t\t\t\t<\/div>\n\t\t\t\t<\/div>\n\t\t\t\t<div class=\"elementor-element elementor-element-ee0d5bc elementor-widget elementor-widget-text-editor\" data-id=\"ee0d5bc\" data-element_type=\"widget\" data-e-type=\"widget\" data-widget_type=\"text-editor.default\">\n\t\t\t\t<div class=\"elementor-widget-container\">\n\t\t\t\t\t\t\t\t\t<p data-start=\"2989\" data-end=\"3193\">Depuis la loi PACTE, la notion d\u2019entreprise \u00e0 mission a ouvert un champ d\u2019action in\u00e9dit. Elle permet d\u2019inscrire une raison d\u2019\u00eatre dans les statuts, avec des objectifs sociaux et environnementaux concrets. En apparence, c\u2019est juridique. En r\u00e9alit\u00e9, c\u2019est un changement culturel profond. Se d\u00e9finir comme entreprise \u00e0 mission, c\u2019est accepter d\u2019\u00eatre jug\u00e9e sur ses actes. C\u2019est dire : \u201cnotre performance se mesure aussi \u00e0 notre contribution au monde\u201d. Les chiffres le prouvent. Les entreprises engag\u00e9es sur les crit\u00e8res ESG affichent de meilleures performances \u00e0 long terme. Elles attirent davantage de talents, de partenaires et d\u2019investisseurs. Parce qu\u2019aujourd\u2019hui, jeunes dipl\u00f4m\u00e9s, leaders exp\u00e9riment\u00e9s et fonds d\u2019investissement veulent du sens. Ils veulent savoir \u00e0 quoi ils contribuent. Dans un monde marqu\u00e9 par la d\u00e9fiance, la mission devient une boussole collective. Elle relie les parties prenantes autour d\u2019un cap clair et partag\u00e9. Ce n\u2019est donc pas un hasard si les entreprises \u00e0 mission se multiplient, ni si les labels comme B Corp deviennent des r\u00e9f\u00e9rences mondiales.<\/p>\t\t\t\t\t\t\t\t<\/div>\n\t\t\t\t<\/div>\n\t\t\t\t<div class=\"elementor-element elementor-element-42b8111 elementor-widget elementor-widget-heading\" data-id=\"42b8111\" data-element_type=\"widget\" data-e-type=\"widget\" data-widget_type=\"heading.default\">\n\t\t\t\t<div class=\"elementor-widget-container\">\n\t\t\t\t\t<h2 class=\"elementor-heading-title elementor-size-default\">L\u2019innovation responsable comme moteur strat\u00e9gique<\/h2>\t\t\t\t<\/div>\n\t\t\t\t<\/div>\n\t\t\t\t<div class=\"elementor-element elementor-element-5663e3f elementor-widget elementor-widget-text-editor\" data-id=\"5663e3f\" data-element_type=\"widget\" data-e-type=\"widget\" data-widget_type=\"text-editor.default\">\n\t\t\t\t<div class=\"elementor-widget-container\">\n\t\t\t\t\t\t\t\t\t<p data-start=\"4140\" data-end=\"4218\">Beaucoup pensent que la responsabilit\u00e9 limite l\u2019innovation. C\u2019est l\u2019inverse. Quand on cherche \u00e0 r\u00e9duire son empreinte, \u00e0 optimiser ses ressources, \u00e0 imaginer des alternatives durables, on innove.<br data-start=\"4338\" data-end=\"4341\" \/>Quand on veut cr\u00e9er de la valeur partag\u00e9e, on invente de nouveaux mod\u00e8les, on cr\u00e9e des coalitions, on pense diff\u00e9remment. Les entreprises \u00e0 mission sont les laboratoires du futur. Elles explorent la circularit\u00e9, l\u2019\u00e9conomie r\u00e9g\u00e9n\u00e9rative, les alliances publiques-priv\u00e9es, les mod\u00e8les fond\u00e9s sur l\u2019impact social.<\/p><p data-start=\"4653\" data-end=\"4825\">Elles r\u00e9concilient technologie et conscience. Ce que j\u2019appelle l\u2019Human Tech. Une technologie pens\u00e9e pour l\u2019humain, \u00e9clair\u00e9e par des valeurs, align\u00e9e sur une utilit\u00e9 r\u00e9elle.<\/p><p data-start=\"4827\" data-end=\"4972\">Pour innover durablement, il faut accepter de partager le pouvoir. Une gouvernance inclusive n\u2019est pas un luxe. C\u2019est une condition d\u2019innovation.<\/p><p data-start=\"4974\" data-end=\"5143\">Les organisations qui favorisent le leadership conscient, l\u2019audace intellectuelle, la pluralit\u00e9 des voix sont celles qui anticipent, s\u2019adaptent et gagnent en r\u00e9silience.<\/p><p data-start=\"5145\" data-end=\"5220\">Et dans un monde incertain, la r\u00e9silience est l\u2019avantage comp\u00e9titif ultime.<\/p>\t\t\t\t\t\t\t\t<\/div>\n\t\t\t\t<\/div>\n\t\t\t\t<div class=\"elementor-element elementor-element-7e1504d elementor-widget elementor-widget-heading\" data-id=\"7e1504d\" data-element_type=\"widget\" data-e-type=\"widget\" data-widget_type=\"heading.default\">\n\t\t\t\t<div class=\"elementor-widget-container\">\n\t\t\t\t\t<h2 class=\"elementor-heading-title elementor-size-default\">Du capitalisme de performance au capitalisme de contribution<\/h2>\t\t\t\t<\/div>\n\t\t\t\t<\/div>\n\t\t\t\t<div class=\"elementor-element elementor-element-e948d18 elementor-widget elementor-widget-text-editor\" data-id=\"e948d18\" data-element_type=\"widget\" data-e-type=\"widget\" data-widget_type=\"text-editor.default\">\n\t\t\t\t<div class=\"elementor-widget-container\">\n\t\t\t\t\t\t\t\t\t<p data-start=\"5299\" data-end=\"5515\">Le mod\u00e8le \u00e9conomique dominant du XXe si\u00e8cle a glorifi\u00e9 la vitesse, la productivit\u00e9, la rentabilit\u00e9 imm\u00e9diate. Mais ses limites \u00e9clatent au grand jour. Crises environnementales. Crises sociales. Crises de confiance. Nous entrons dans une nouvelle \u00e8re : le capitalisme de contribution. Contribuer, c\u2019est comprendre que la valeur d\u2019une entreprise ne se mesure pas uniquement \u00e0 ses profits, mais \u00e0 son impact r\u00e9el sur la soci\u00e9t\u00e9. C\u2019est repenser la r\u00e9ussite. C\u2019est passer d\u2019une logique d\u2019extraction \u00e0 une logique de r\u00e9g\u00e9n\u00e9ration.<br data-start=\"5828\" data-end=\"5831\" \/>De la domination \u00e0 la coop\u00e9ration.<br data-start=\"5865\" data-end=\"5868\" \/>De la comp\u00e9tition syst\u00e9matique \u00e0 l\u2019intelligence collective. Cette mutation ne se fait pas dans les slides. Elle se fait dans le r\u00e9el. Dans la mani\u00e8re de produire, de gouverner, de partager, de d\u00e9cider, d\u2019\u00e9couter. Et elle demande du courage. De la vision. Et beaucoup de coh\u00e9rence. Les leaders du futur ne seront pas ceux qui cherchent \u00e0 sauver le monde.<br data-start=\"6224\" data-end=\"6227\" \/>Ce seront ceux qui, chaque jour, contribuent \u00e0 ne pas l\u2019ab\u00eemer davantage et \u00e0 le r\u00e9parer un peu. Ceux qui incarnent leurs convictions. Ceux qui cr\u00e9ent des conditions d\u2019impact durable.<\/p>\t\t\t\t\t\t\t\t<\/div>\n\t\t\t\t<\/div>\n\t\t\t\t<div class=\"elementor-element elementor-element-e7cb6ae elementor-widget elementor-widget-heading\" data-id=\"e7cb6ae\" data-element_type=\"widget\" data-e-type=\"widget\" data-widget_type=\"heading.default\">\n\t\t\t\t<div class=\"elementor-widget-container\">\n\t\t\t\t\t<h2 class=\"elementor-heading-title elementor-size-default\">Vers une \u00e9conomie du vivant<\/h2>\t\t\t\t<\/div>\n\t\t\t\t<\/div>\n\t\t\t\t<div class=\"elementor-element elementor-element-90f0413 elementor-widget elementor-widget-text-editor\" data-id=\"90f0413\" data-element_type=\"widget\" data-e-type=\"widget\" data-widget_type=\"text-editor.default\">\n\t\t\t\t<div class=\"elementor-widget-container\">\n\t\t\t\t\t\t\t\t\t<p data-start=\"6453\" data-end=\"6624\">La croissance responsable n\u2019est ni na\u00efve ni romantique. Elle est n\u00e9cessaire. Elle est urgente.<br data-start=\"6547\" data-end=\"6550\" \/>C\u2019est une strat\u00e9gie de survie collective et une voie d\u2019innovation majeure. Dans un monde \u00e9puis\u00e9, les entreprises prosp\u00e8res seront celles qui savent restaurer, r\u00e9g\u00e9n\u00e9rer, inclure, coop\u00e9rer.<br data-start=\"6739\" data-end=\"6742\" \/>Celles qui comprennent que la vraie richesse, c\u2019est le vivant. Celui des territoires, des femmes et des hommes, des \u00e9cosyst\u00e8mes, des cultures, des futurs possibles. Nous n\u2019avons pas besoin de plus de croissance. Nous avons besoin de croissance autrement. Les entreprises \u00e0 mission et la RSE de conviction ne sont pas des exceptions inspirantes. Elles sont la carte routi\u00e8re d\u2019un futur viable.<\/p>\t\t\t\t\t\t\t\t<\/div>\n\t\t\t\t<\/div>\n\t\t\t\t<div class=\"elementor-element elementor-element-5be9885 elementor-view-default elementor-widget elementor-widget-icon\" data-id=\"5be9885\" data-element_type=\"widget\" data-e-type=\"widget\" data-widget_type=\"icon.default\">\n\t\t\t\t<div class=\"elementor-widget-container\">\n\t\t\t\t\t\t\t<div class=\"elementor-icon-wrapper\">\n\t\t\t<div class=\"elementor-icon elementor-animation-grow\">\n\t\t\t<i aria-hidden=\"true\" class=\"fas fa-quote-left\"><\/i>\t\t\t<\/div>\n\t\t<\/div>\n\t\t\t\t\t\t<\/div>\n\t\t\t\t<\/div>\n\t\t\t\t<div class=\"elementor-element elementor-element-51ce873 elementor-widget elementor-widget-testimonial\" data-id=\"51ce873\" data-element_type=\"widget\" data-e-type=\"widget\" data-widget_type=\"testimonial.default\">\n\t\t\t\t<div class=\"elementor-widget-container\">\n\t\t\t\t\t\t\t<div class=\"elementor-testimonial-wrapper\">\n\t\t\t\t\t\t\t<div class=\"elementor-testimonial-content\">La croissance responsable n\u2019est pas une option. C\u2019est la condition m\u00eame de la p\u00e9rennit\u00e9. Et c\u2019est en assumant cette conviction que les leaders de demain feront la diff\u00e9rence.<\/div>\n\t\t\t\n\t\t\t\t\t<\/div>\n\t\t\t\t\t\t<\/div>\n\t\t\t\t<\/div>\n\t\t\t\t<div class=\"elementor-element elementor-element-c8b0b38 elementor-widget elementor-widget-text-editor\" data-id=\"c8b0b38\" data-element_type=\"widget\" data-e-type=\"widget\" data-widget_type=\"text-editor.default\">\n\t\t\t\t<div class=\"elementor-widget-container\">\n\t\t\t\t\t\t\t\t\t<p>Et si l\u2019\u00e9conomie de demain commen\u00e7ait simplement par un choix : celui de grandir sans renoncer \u00e0 ce qui compte.<\/p>\t\t\t\t\t\t\t\t<\/div>\n\t\t\t\t<\/div>\n\t\t\t\t<div class=\"elementor-element elementor-element-15ec6b8 elementor-widget elementor-widget-text-editor\" data-id=\"15ec6b8\" data-element_type=\"widget\" data-e-type=\"widget\" data-widget_type=\"text-editor.default\">\n\t\t\t\t<div class=\"elementor-widget-container\">\n\t\t\t\t\t\t\t\t\t<p>#croissanceresponsable #entrepriseamission #RSEdeconviction #leadershipconscient #innovationdurable #gouvernanceinclusive #impactpositif #humantech #TaniaGombert #economievivante #strategiedufutur #CapM\u00e9tissage<\/p>\t\t\t\t\t\t\t\t<\/div>\n\t\t\t\t<\/div>\n\t\t\t\t\t<\/div>\n\t\t<\/div>\n\t\t\t\t\t<\/div>\n\t\t<\/section>\n\t\t\t\t<section class=\"elementor-section elementor-top-section elementor-element elementor-element-8ffac3b elementor-section-boxed elementor-section-height-default elementor-section-height-default\" data-id=\"8ffac3b\" data-element_type=\"section\" data-e-type=\"section\" data-settings=\"{&quot;background_background&quot;:&quot;classic&quot;}\">\n\t\t\t\t\t\t<div class=\"elementor-container elementor-column-gap-default\">\n\t\t\t\t\t<div class=\"elementor-column elementor-col-100 elementor-top-column elementor-element elementor-element-7da3c40\" data-id=\"7da3c40\" data-element_type=\"column\" data-e-type=\"column\">\n\t\t\t<div class=\"elementor-widget-wrap elementor-element-populated\">\n\t\t\t\t\t\t<div class=\"elementor-element elementor-element-66f4392 elementor-widget elementor-widget-post-navigation\" data-id=\"66f4392\" data-element_type=\"widget\" data-e-type=\"widget\" data-widget_type=\"post-navigation.default\">\n\t\t\t\t<div class=\"elementor-widget-container\">\n\t\t\t\t\t \t\t\t\t<\/div>\n\t\t\t\t<\/div>\n\t\t\t\t\t<\/div>\n\t\t<\/div>\n\t\t\t\t\t<\/div>\n\t\t<\/section>\n\t\t\t\t<section class=\"elementor-section elementor-top-section elementor-element elementor-element-103a13f elementor-section-full_width elementor-section-height-default elementor-section-height-default\" data-id=\"103a13f\" data-element_type=\"section\" data-e-type=\"section\" data-settings=\"{&quot;background_background&quot;:&quot;classic&quot;}\">\n\t\t\t\t\t\t<div class=\"elementor-container elementor-column-gap-default\">\n\t\t\t\t\t<div class=\"elementor-column elementor-col-100 elementor-top-column elementor-element elementor-element-2eb4cd0\" data-id=\"2eb4cd0\" data-element_type=\"column\" data-e-type=\"column\">\n\t\t\t<div class=\"elementor-widget-wrap elementor-element-populated\">\n\t\t\t\t\t\t<div class=\"elementor-element elementor-element-e5d891b elementor-widget elementor-widget-posts\" data-id=\"e5d891b\" data-element_type=\"widget\" data-e-type=\"widget\" data-widget_type=\"posts.cards\">\n\t\t\t\t<div class=\"elementor-widget-container\">\n\t\t\t\t\t \t\t\t\t<\/div>\n\t\t\t\t<\/div>\n\t\t\t\t\t<\/div>\n\t\t<\/div>\n\t\t\t\t\t<\/div>\n\t\t<\/section>\n\t\t\t\t<\/div>\n\t\t","protected":false},"excerpt":{"rendered":"<p>La croissance responsable n\u2019est pas une utopie mais une exigence. Les entreprises qui int\u00e8grent le sens et l\u2019impact au c\u0153ur de leur strat\u00e9gie b\u00e2tissent une performance durable. La RSE de conviction et les entreprises \u00e0 mission ouvrent la voie d\u2019un nouveau mod\u00e8le \u00e9conomique fond\u00e9 sur la contribution. L\u2019innovation responsable n\u2019est plus une contrainte mais un moteur strat\u00e9gique, alli\u00e9 \u00e0 une gouvernance inclusive et consciente. La valeur d\u2019une entreprise se mesure d\u00e9sormais \u00e0 sa capacit\u00e9 \u00e0 r\u00e9g\u00e9n\u00e9rer plut\u00f4t qu\u2019\u00e0 \u00e9puiser. La croissance de demain sera celle du vivant, ou elle ne sera pas.<\/p>\n","protected":false},"author":1,"featured_media":3972,"comment_status":"open","ping_status":"open","sticky":false,"template":"","format":"standard","meta":{"zakra_general_container_width":0,"zakra_general_content_width":0,"zakra_general_sidebar_width":0,"zakra_sticky_header":"customizer","zakra_header_main_area":true,"zakra_site_logo_width":0,"zakra_header_top_enabled":"customizer","zakra_header_top_style":"customizer","zakra_primary_menu_item_style":"customizer","zakra_page_header_text_color":"","zakra_page_header_layout":"customizer","zakra_page_title_bg":"","zakra_footer_widgets_bg_image":0,"zakra_page_title_bg_repeat":"customizer","zakra_page_title_bg_position":"customizer","zakra_page_title_bg_size":"customizer","zakra_page_title_bg_attachment":"customizer","zakra_breadcrumbs_enabled":"customizer","zakra_breadcrumbs_text_color":"","zakra_breadcrumbs_separator_color":"","zakra_breadcrumbs_link_color":"","zakra_breadcrumbs_link_hover_color":"","zakra_page_title_bg_image":0,"zakra_footer_widgets_enabled":"customizer","zakra_footer_column_layout_1_style":"customizer","zakra_footer_widgets_bg":"","zakra_footer_widgets_bg_repeat":"customizer","zakra_footer_widgets_bg_position":"customizer","zakra_footer_widgets_bg_size":"customizer","zakra_footer_widgets_bg_attachment":"customizer","zakra_footer_bar_enabled":"customizer","zakra_footer_bar_style":"customizer","zakra_page_container_layout":"customizer","zakra_page_sidebar_layout":"customizer","zakra_remove_content_margin":false,"zakra_sidebar":"customizer","zakra_transparent_header":"customizer","zakra_logo":0,"zakra_main_header_style":"default","zakra_menu_item_color":"","zakra_menu_item_hover_color":"","zakra_menu_item_active_color":"","zakra_menu_active_style":"","zakra_page_header":true,"om_disable_all_campaigns":false,"_uf_show_specific_survey":0,"_uf_disable_surveys":false,"footnotes":""},"categories":[36,44,48,43,38,40,45],"tags":[],"class_list":["post-3971","post","type-post","status-publish","format-standard","has-post-thumbnail","hentry","category-croissance-responsable","category-diversite","category-engagement","category-inclusion","category-leadership","category-numerique-responsable","category-transformation-culturelle"],"aioseo_notices":[],"_links":{"self":[{"href":"https:\/\/taniagombert.com\/index.php\/wp-json\/wp\/v2\/posts\/3971","targetHints":{"allow":["GET"]}}],"collection":[{"href":"https:\/\/taniagombert.com\/index.php\/wp-json\/wp\/v2\/posts"}],"about":[{"href":"https:\/\/taniagombert.com\/index.php\/wp-json\/wp\/v2\/types\/post"}],"author":[{"embeddable":true,"href":"https:\/\/taniagombert.com\/index.php\/wp-json\/wp\/v2\/users\/1"}],"replies":[{"embeddable":true,"href":"https:\/\/taniagombert.com\/index.php\/wp-json\/wp\/v2\/comments?post=3971"}],"version-history":[{"count":8,"href":"https:\/\/taniagombert.com\/index.php\/wp-json\/wp\/v2\/posts\/3971\/revisions"}],"predecessor-version":[{"id":4390,"href":"https:\/\/taniagombert.com\/index.php\/wp-json\/wp\/v2\/posts\/3971\/revisions\/4390"}],"wp:featuredmedia":[{"embeddable":true,"href":"https:\/\/taniagombert.com\/index.php\/wp-json\/wp\/v2\/media\/3972"}],"wp:attachment":[{"href":"https:\/\/taniagombert.com\/index.php\/wp-json\/wp\/v2\/media?parent=3971"}],"wp:term":[{"taxonomy":"category","embeddable":true,"href":"https:\/\/taniagombert.com\/index.php\/wp-json\/wp\/v2\/categories?post=3971"},{"taxonomy":"post_tag","embeddable":true,"href":"https:\/\/taniagombert.com\/index.php\/wp-json\/wp\/v2\/tags?post=3971"}],"curies":[{"name":"wp","href":"https:\/\/api.w.org\/{rel}","templated":true}]}}