{"id":4155,"date":"2024-11-04T14:11:56","date_gmt":"2024-11-04T12:11:56","guid":{"rendered":"https:\/\/taniagombert.com\/?p=4155"},"modified":"2025-11-06T17:23:43","modified_gmt":"2025-11-06T15:23:43","slug":"les-nouveaux-moteurs-de-croissance-alliances-communautes-impact","status":"publish","type":"post","link":"https:\/\/taniagombert.com\/index.php\/2024\/11\/04\/les-nouveaux-moteurs-de-croissance-alliances-communautes-impact\/","title":{"rendered":"Les nouveaux moteurs de croissance : alliances, communaut\u00e9s, impact"},"content":{"rendered":"\t\t<div data-elementor-type=\"wp-post\" data-elementor-id=\"4155\" class=\"elementor elementor-4155\">\n\t\t\t\t\t\t<section class=\"elementor-section elementor-top-section elementor-element elementor-element-c30c5a4 elementor-section-boxed elementor-section-height-default elementor-section-height-default\" data-id=\"c30c5a4\" data-element_type=\"section\" data-e-type=\"section\" data-settings=\"{&quot;background_background&quot;:&quot;classic&quot;}\">\n\t\t\t\t\t\t<div class=\"elementor-container elementor-column-gap-default\">\n\t\t\t\t\t<div class=\"elementor-column elementor-col-100 elementor-top-column elementor-element elementor-element-4c8f6d6\" data-id=\"4c8f6d6\" data-element_type=\"column\" data-e-type=\"column\">\n\t\t\t<div class=\"elementor-widget-wrap elementor-element-populated\">\n\t\t\t\t\t\t<div class=\"elementor-element elementor-element-edc336c elementor-widget elementor-widget-heading\" data-id=\"edc336c\" data-element_type=\"widget\" data-e-type=\"widget\" data-widget_type=\"heading.default\">\n\t\t\t\t<div class=\"elementor-widget-container\">\n\t\t\t\t\t<h1 class=\"elementor-heading-title elementor-size-default\">Les nouveaux moteurs de croissance : alliances, communaut\u00e9s, impact<\/h1>\t\t\t\t<\/div>\n\t\t\t\t<\/div>\n\t\t\t\t\t<\/div>\n\t\t<\/div>\n\t\t\t\t\t<\/div>\n\t\t<\/section>\n\t\t\t\t<section class=\"elementor-section elementor-top-section elementor-element elementor-element-2a2f311 elementor-section-boxed elementor-section-height-default elementor-section-height-default\" data-id=\"2a2f311\" data-element_type=\"section\" data-e-type=\"section\" data-settings=\"{&quot;background_background&quot;:&quot;classic&quot;}\">\n\t\t\t\t\t\t<div class=\"elementor-container elementor-column-gap-default\">\n\t\t\t\t\t<div class=\"elementor-column elementor-col-50 elementor-top-column elementor-element elementor-element-95c3c1e\" data-id=\"95c3c1e\" data-element_type=\"column\" data-e-type=\"column\">\n\t\t\t<div class=\"elementor-widget-wrap elementor-element-populated\">\n\t\t\t\t\t\t<div class=\"elementor-element elementor-element-8ab97a6 elementor-widget__width-initial elementor-widget elementor-widget-image\" data-id=\"8ab97a6\" data-element_type=\"widget\" data-e-type=\"widget\" data-widget_type=\"image.default\">\n\t\t\t\t<div class=\"elementor-widget-container\">\n\t\t\t\t\t\t\t\t\t\t\t\t\t\t\t<img fetchpriority=\"high\" decoding=\"async\" width=\"800\" height=\"600\" src=\"https:\/\/taniagombert.com\/wp-content\/uploads\/2021\/04\/db431bb8-b55c-44fe-ae49-e314dbbd6d61-800x600.webp\" class=\"attachment-zakra-thumb-size-one size-zakra-thumb-size-one wp-image-2890\" alt=\"\" \/>\t\t\t\t\t\t\t\t\t\t\t\t\t\t\t<\/div>\n\t\t\t\t<\/div>\n\t\t\t\t\t<\/div>\n\t\t<\/div>\n\t\t\t\t<div class=\"elementor-column elementor-col-50 elementor-top-column elementor-element elementor-element-bf2d6d4\" data-id=\"bf2d6d4\" data-element_type=\"column\" data-e-type=\"column\">\n\t\t\t<div class=\"elementor-widget-wrap elementor-element-populated\">\n\t\t\t\t\t\t<div class=\"elementor-element elementor-element-f5389f8 elementor-widget elementor-widget-text-editor\" data-id=\"f5389f8\" data-element_type=\"widget\" data-e-type=\"widget\" data-widget_type=\"text-editor.default\">\n\t\t\t\t<div class=\"elementor-widget-container\">\n\t\t\t\t\t\t\t\t\t<p>La croissance ne se mesure plus seulement en parts de march\u00e9 ou en chiffre d\u2019affaires. Elle se mesure en alliances, en communaut\u00e9s et en impact. C\u2019est une r\u00e9volution silencieuse mais profonde : celle d\u2019une \u00e9conomie o\u00f9 la performance ne se d\u00e9cr\u00e8te plus seule, elle se co-construit.<br data-start=\"375\" data-end=\"378\" \/>Pendant des ann\u00e9es, les entreprises ont cherch\u00e9 \u00e0 \u201ccro\u00eetre malgr\u00e9\u201d. Malgr\u00e9 la concurrence, malgr\u00e9 les crises, malgr\u00e9 la complexit\u00e9. Aujourd\u2019hui, elles apprennent \u00e0 \u201ccro\u00eetre avec\u201d : avec leurs partenaires, leurs clients, leurs parties prenantes, leurs territoires. Cette nouvelle logique de croissance n\u2019est pas une tendance, c\u2019est une n\u00e9cessit\u00e9. Parce qu\u2019\u00e0 l\u2019heure des transitions \u00e9cologiques, sociales et technologiques, aucun acteur ne peut pr\u00e9tendre changer le monde seul.<br data-start=\"853\" data-end=\"856\" \/>Je l\u2019ai appris sur le terrain, en construisant des alliances parfois improbables entre grandes entreprises et ONG, entre start-up et institutions, entre acteurs publics et priv\u00e9s. Ces mod\u00e8les hybrides, exigeants mais puissants, red\u00e9finissent les contours du leadership et du succ\u00e8s durable.<\/p>\t\t\t\t\t\t\t\t<\/div>\n\t\t\t\t<\/div>\n\t\t\t\t\t<\/div>\n\t\t<\/div>\n\t\t\t\t\t<\/div>\n\t\t<\/section>\n\t\t\t\t<section class=\"elementor-section elementor-top-section elementor-element elementor-element-25df3b6 elementor-section-boxed elementor-section-height-default elementor-section-height-default\" data-id=\"25df3b6\" data-element_type=\"section\" data-e-type=\"section\" data-settings=\"{&quot;background_background&quot;:&quot;slideshow&quot;,&quot;background_slideshow_gallery&quot;:[{&quot;id&quot;:3638,&quot;url&quot;:&quot;https:\\\/\\\/taniagombert.com\\\/wp-content\\\/uploads\\\/2025\\\/05\\\/Paper_09.png&quot;}],&quot;background_slideshow_loop&quot;:&quot;yes&quot;,&quot;background_slideshow_slide_duration&quot;:5000,&quot;background_slideshow_slide_transition&quot;:&quot;fade&quot;,&quot;background_slideshow_transition_duration&quot;:500}\">\n\t\t\t\t\t\t\t<div class=\"elementor-background-overlay\"><\/div>\n\t\t\t\t\t\t\t<div class=\"elementor-container elementor-column-gap-default\">\n\t\t\t\t\t<div class=\"elementor-column elementor-col-100 elementor-top-column elementor-element elementor-element-1db7c56\" data-id=\"1db7c56\" data-element_type=\"column\" data-e-type=\"column\">\n\t\t\t<div class=\"elementor-widget-wrap elementor-element-populated\">\n\t\t\t\t\t\t<div class=\"elementor-element elementor-element-daa265c elementor-widget elementor-widget-heading\" data-id=\"daa265c\" data-element_type=\"widget\" data-e-type=\"widget\" data-widget_type=\"heading.default\">\n\t\t\t\t<div class=\"elementor-widget-container\">\n\t\t\t\t\t<h2 class=\"elementor-heading-title elementor-size-default\">Cro\u00eetre autrement : l\u2019\u00e8re des alliances strat\u00e9giques<\/h2>\t\t\t\t<\/div>\n\t\t\t\t<\/div>\n\t\t\t\t<div class=\"elementor-element elementor-element-c1cc920 elementor-widget elementor-widget-text-editor\" data-id=\"c1cc920\" data-element_type=\"widget\" data-e-type=\"widget\" data-widget_type=\"text-editor.default\">\n\t\t\t\t<div class=\"elementor-widget-container\">\n\t\t\t\t\t\t\t\t\t<p>La croissance d\u2019hier reposait sur la comp\u00e9tition. Celle de demain repose sur la coop\u00e9ration. Les entreprises performantes sont d\u00e9sormais celles qui savent cr\u00e9er des alliances intelligentes, l\u00e0 o\u00f9 d\u2019autres voient des fronti\u00e8res. Ces alliances ne se limitent pas \u00e0 des accords contractuels. Elles incarnent un alignement de vision, un partage de valeurs, une mise en commun de ressources pour faire \u00e9merger des solutions \u00e0 la hauteur des d\u00e9fis.<br data-start=\"1659\" data-end=\"1662\" \/>J\u2019ai vu na\u00eetre des partenariats transformateurs : entre une entreprise d\u2019assurance et une start-up d\u2019identification num\u00e9rique pour s\u00e9curiser les parcours clients tout en renfor\u00e7ant la confiance ; entre une marque et une ONG pour soutenir des programmes agricoles durables en Afrique ; entre des acteurs institutionnels et des entreprises engag\u00e9es pour acc\u00e9l\u00e9rer la place des femmes dans la tech. Ces alliances ne sont pas des \u201cprojets RSE\u201d p\u00e9riph\u00e9riques, elles deviennent le c\u0153ur m\u00eame du mod\u00e8le d\u2019affaires.<br data-start=\"2168\" data-end=\"2171\" \/>Elles demandent m\u00e9thode, confiance, gouvernance partag\u00e9e. Car une alliance se construit sur la clart\u00e9 des objectifs et la transparence des contributions. Elle exige du courage : celui de partager la valeur, de s\u2019exposer \u00e0 la diff\u00e9rence, de renoncer \u00e0 la toute-puissance individuelle.<br data-start=\"2454\" data-end=\"2457\" \/>Et c\u2019est pr\u00e9cis\u00e9ment l\u00e0 que r\u00e9side la magie : dans cette tension cr\u00e9ative entre int\u00e9r\u00eats \u00e9conomiques et int\u00e9r\u00eat collectif, entre performance et sens.<\/p>\t\t\t\t\t\t\t\t<\/div>\n\t\t\t\t<\/div>\n\t\t\t\t<div class=\"elementor-element elementor-element-8c0aed2 elementor-widget elementor-widget-heading\" data-id=\"8c0aed2\" data-element_type=\"widget\" data-e-type=\"widget\" data-widget_type=\"heading.default\">\n\t\t\t\t<div class=\"elementor-widget-container\">\n\t\t\t\t\t<h2 class=\"elementor-heading-title elementor-size-default\">La puissance des communaut\u00e9s : de l\u2019audience \u00e0 la reliance<\/h2>\t\t\t\t<\/div>\n\t\t\t\t<\/div>\n\t\t\t\t<div class=\"elementor-element elementor-element-38f3fae elementor-widget elementor-widget-text-editor\" data-id=\"38f3fae\" data-element_type=\"widget\" data-e-type=\"widget\" data-widget_type=\"text-editor.default\">\n\t\t\t\t<div class=\"elementor-widget-container\">\n\t\t\t\t\t\t\t\t\t<p>Les marques qui r\u00e9ussissent ne f\u00e9d\u00e8rent plus des audiences, elles mobilisent des communaut\u00e9s. La diff\u00e9rence est majeure : une audience consomme, une communaut\u00e9 s\u2019engage. Dans un monde satur\u00e9 de messages, les communaut\u00e9s deviennent les vrais moteurs d\u2019influence, d\u2019innovation et de l\u00e9gitimit\u00e9.<br data-start=\"2975\" data-end=\"2978\" \/>Cr\u00e9er une communaut\u00e9, ce n\u2019est pas additionner des followers, c\u2019est nourrir des liens, des \u00e9motions, une vision partag\u00e9e. Les communaut\u00e9s naissent autour de causes, de convictions, de projets collectifs. Elles transcendent les silos et donnent naissance \u00e0 des mouvements.<br data-start=\"3249\" data-end=\"3252\" \/>J\u2019en ai fait l\u2019exp\u00e9rience avec <strong data-start=\"3283\" data-end=\"3300\">Cap M\u00e9tissage<\/strong>, o\u00f9 des parcours de vie, des r\u00e9cits identitaires, des r\u00e9flexions sur la mixit\u00e9 se sont transform\u00e9s en une force cr\u00e9atrice. Ce n\u2019est pas une \u201caudience engag\u00e9e\u201d, c\u2019est une communaut\u00e9 vivante, qui agit, d\u00e9bat, et inspire. De m\u00eame, au sein des r\u00e9seaux professionnels et institutionnels que j\u2019anime, la logique n\u2019est pas celle du r\u00e9seautage opportuniste mais de la reliance sinc\u00e8re.<br data-start=\"3678\" data-end=\"3681\" \/>Dans cette nouvelle \u00e9conomie de la confiance, les entreprises doivent apprendre \u00e0 \u00e9couter avant de parler, \u00e0 co-construire avant de vendre. Les communaut\u00e9s deviennent des laboratoires de sens, des incubateurs d\u2019id\u00e9es, des leviers de transformation culturelle.<br data-start=\"3940\" data-end=\"3943\" \/>Et c\u2019est souvent l\u00e0, dans le dialogue entre pairs, dans la diversit\u00e9 des points de vue, que naissent les innovations les plus puissantes.<\/p>\t\t\t\t\t\t\t\t<\/div>\n\t\t\t\t<\/div>\n\t\t\t\t<div class=\"elementor-element elementor-element-3205eb0 elementor-widget elementor-widget-heading\" data-id=\"3205eb0\" data-element_type=\"widget\" data-e-type=\"widget\" data-widget_type=\"heading.default\">\n\t\t\t\t<div class=\"elementor-widget-container\">\n\t\t\t\t\t<h2 class=\"elementor-heading-title elementor-size-default\">Le partenariat \u00e0 impact : quand la performance devient collective<\/h2>\t\t\t\t<\/div>\n\t\t\t\t<\/div>\n\t\t\t\t<div class=\"elementor-element elementor-element-287dc84 elementor-widget elementor-widget-text-editor\" data-id=\"287dc84\" data-element_type=\"widget\" data-e-type=\"widget\" data-widget_type=\"text-editor.default\">\n\t\t\t\t<div class=\"elementor-widget-container\">\n\t\t\t\t\t\t\t\t\t<p>L\u2019impact n\u2019est plus un suppl\u00e9ment d\u2019\u00e2me. C\u2019est un levier strat\u00e9gique. Les partenariats \u00e0 impact, lorsqu\u2019ils sont sinc\u00e8res et bien con\u00e7us, permettent de g\u00e9n\u00e9rer de la valeur partag\u00e9e : \u00e9conomique, sociale et environnementale.<br data-start=\"4388\" data-end=\"4391\" \/>Loin du greenwashing ou du purpose washing, ces collaborations s\u2019inscrivent dans la dur\u00e9e, avec des indicateurs clairs et mesurables. On ne parle plus d\u2019image, mais de r\u00e9sultats.<br data-start=\"4569\" data-end=\"4572\" \/>Dans mes exp\u00e9riences avec <strong data-start=\"4598\" data-end=\"4619\">ONU Femmes France<\/strong>, j\u2019ai vu des entreprises basculer d\u2019une logique de m\u00e9c\u00e9nat \u00e0 une logique d\u2019investissement \u00e0 impact. Financer un programme d\u2019agriculture r\u00e9siliente au S\u00e9n\u00e9gal, ce n\u2019est pas \u201cfaire un don\u201d, c\u2019est investir dans la durabilit\u00e9 d\u2019un \u00e9cosyst\u00e8me, dans la mont\u00e9e en comp\u00e9tence des femmes, dans la s\u00e9curit\u00e9 alimentaire de demain.<br data-start=\"4939\" data-end=\"4942\" \/>M\u00eame dynamique dans le monde corporate : les partenariats entre grands groupes et start-up \u00e0 impact se multiplient. Non pas pour \u201cexternaliser\u201d l\u2019innovation, mais pour l\u2019hybrider. Quand une banque collabore avec une fintech \u00e0 mission, quand un industriel s\u2019allie avec une greentech, ce n\u2019est pas une simple transaction. C\u2019est une alliance de sens.<br data-start=\"5289\" data-end=\"5292\" \/>Le vrai d\u00e9fi, c\u2019est de construire des mod\u00e8les \u00e9conomiques qui int\u00e8grent l\u2019impact comme un moteur, pas comme une contrainte. L\u2019impact devient une ressource strat\u00e9gique, un vecteur d\u2019attractivit\u00e9, un avantage concurrentiel.<\/p>\t\t\t\t\t\t\t\t<\/div>\n\t\t\t\t<\/div>\n\t\t\t\t<div class=\"elementor-element elementor-element-4aea72a elementor-widget elementor-widget-heading\" data-id=\"4aea72a\" data-element_type=\"widget\" data-e-type=\"widget\" data-widget_type=\"heading.default\">\n\t\t\t\t<div class=\"elementor-widget-container\">\n\t\t\t\t\t<h2 class=\"elementor-heading-title elementor-size-default\">De la collaboration \u00e0 la co-cr\u00e9ation : la nouvelle intelligence collective<\/h2>\t\t\t\t<\/div>\n\t\t\t\t<\/div>\n\t\t\t\t<div class=\"elementor-element elementor-element-3acdeab elementor-widget elementor-widget-text-editor\" data-id=\"3acdeab\" data-element_type=\"widget\" data-e-type=\"widget\" data-widget_type=\"text-editor.default\">\n\t\t\t\t<div class=\"elementor-widget-container\">\n\t\t\t\t\t\t\t\t\t<p>La co-cr\u00e9ation est la suite logique de cette \u00e9volution. Dans un monde en mouvement, la complexit\u00e9 ne se g\u00e8re plus en silo. Elle s\u2019affronte en collectif. C\u2019est en r\u00e9unissant des expertises diff\u00e9rentes, des cultures vari\u00e9es, des temporalit\u00e9s distinctes que naissent les r\u00e9ponses les plus justes.<br data-start=\"5899\" data-end=\"5902\" \/>La co-cr\u00e9ation n\u2019est pas une mode \u201cpost-it\u201d. C\u2019est une posture : celle de l\u2019humilit\u00e9 et de la curiosit\u00e9. Accepter que l\u2019autre d\u00e9tienne une partie de la solution. Reconna\u00eetre que l\u2019intelligence n\u2019est pas individuelle mais relationnelle.<br data-start=\"6137\" data-end=\"6140\" \/>Dans les projets que j\u2019ai men\u00e9s, cette dynamique s\u2019est souvent r\u00e9v\u00e9l\u00e9e d\u00e9cisive : ateliers de co-design entre acteurs publics et priv\u00e9s, programmes conjoints entre entreprises et associations, initiatives multi-acteurs autour de l\u2019inclusion ou de la tech \u00e9thique. Ces d\u00e9marches demandent du temps, de la p\u00e9dagogie, de la confiance. Mais elles cr\u00e9ent une valeur incomparable : la transformation partag\u00e9e.<br data-start=\"6543\" data-end=\"6546\" \/>Les dirigeants qui l\u2019ont compris savent qu\u2019ils ne sont plus seulement des \u201cd\u00e9cideurs\u201d, mais des \u201cfacilitateurs de convergence\u201d. Ils cr\u00e9ent les conditions pour que l\u2019\u00e9cosyst\u00e8me se mette en mouvement. Et dans cette orchestration subtile, la croissance devient un effet secondaire d\u2019un alignement plus grand : celui du sens et de l\u2019action.<\/p>\t\t\t\t\t\t\t\t<\/div>\n\t\t\t\t<\/div>\n\t\t\t\t<div class=\"elementor-element elementor-element-aa28e3b elementor-widget elementor-widget-heading\" data-id=\"aa28e3b\" data-element_type=\"widget\" data-e-type=\"widget\" data-widget_type=\"heading.default\">\n\t\t\t\t<div class=\"elementor-widget-container\">\n\t\t\t\t\t<h2 class=\"elementor-heading-title elementor-size-default\">Vers une \u00e9conomie de la reliance<\/h2>\t\t\t\t<\/div>\n\t\t\t\t<\/div>\n\t\t\t\t<div class=\"elementor-element elementor-element-cf7428b elementor-widget elementor-widget-text-editor\" data-id=\"cf7428b\" data-element_type=\"widget\" data-e-type=\"widget\" data-widget_type=\"text-editor.default\">\n\t\t\t\t<div class=\"elementor-widget-container\">\n\t\t\t\t\t\t\t\t\t<p>La croissance du futur ne sera ni lin\u00e9aire, ni solitaire. Elle sera relationnelle, circulaire, inclusive. Les alliances, les communaut\u00e9s et les partenariats \u00e0 impact redessinent la carte de la performance. Ils obligent \u00e0 repenser la notion m\u00eame de leadership : non plus dominer, mais relier.<br data-start=\"7221\" data-end=\"7224\" \/>Nous entrons dans une \u00e8re o\u00f9 la valeur se mesure \u00e0 la capacit\u00e9 \u00e0 faire ensemble. O\u00f9 la puissance ne se prouve plus par la taille, mais par la coh\u00e9rence. O\u00f9 la croissance se nourrit d\u2019un mot simple mais r\u00e9volutionnaire : la reliance.<\/p>\t\t\t\t\t\t\t\t<\/div>\n\t\t\t\t<\/div>\n\t\t\t\t<div class=\"elementor-element elementor-element-dbf5737 elementor-view-default elementor-widget elementor-widget-icon\" data-id=\"dbf5737\" data-element_type=\"widget\" data-e-type=\"widget\" data-widget_type=\"icon.default\">\n\t\t\t\t<div class=\"elementor-widget-container\">\n\t\t\t\t\t\t\t<div class=\"elementor-icon-wrapper\">\n\t\t\t<div class=\"elementor-icon elementor-animation-grow\">\n\t\t\t<i aria-hidden=\"true\" class=\"fas fa-quote-left\"><\/i>\t\t\t<\/div>\n\t\t<\/div>\n\t\t\t\t\t\t<\/div>\n\t\t\t\t<\/div>\n\t\t\t\t<div class=\"elementor-element elementor-element-f9f831d elementor-widget elementor-widget-testimonial\" data-id=\"f9f831d\" data-element_type=\"widget\" data-e-type=\"widget\" data-widget_type=\"testimonial.default\">\n\t\t\t\t<div class=\"elementor-widget-container\">\n\t\t\t\t\t\t\t<div class=\"elementor-testimonial-wrapper\">\n\t\t\t\t\t\t\t<div class=\"elementor-testimonial-content\">Les entreprises les plus puissantes ne sont plus celles qui poss\u00e8dent, mais celles qui relient. Celles qui transforment leur \u00e9cosyst\u00e8me en levier collectif de sens et d\u2019impact.<\/div>\n\t\t\t\n\t\t\t\t\t<\/div>\n\t\t\t\t\t\t<\/div>\n\t\t\t\t<\/div>\n\t\t\t\t<div class=\"elementor-element elementor-element-5c5798f elementor-widget elementor-widget-text-editor\" data-id=\"5c5798f\" data-element_type=\"widget\" data-e-type=\"widget\" data-widget_type=\"text-editor.default\">\n\t\t\t\t<div class=\"elementor-widget-container\">\n\t\t\t\t\t\t\t\t\t<p>Et si la vraie croissance \u00e9tait celle qui nous rend plus humains ?<\/p>\t\t\t\t\t\t\t\t<\/div>\n\t\t\t\t<\/div>\n\t\t\t\t<div class=\"elementor-element elementor-element-86f958a elementor-widget elementor-widget-text-editor\" data-id=\"86f958a\" data-element_type=\"widget\" data-e-type=\"widget\" data-widget_type=\"text-editor.default\">\n\t\t\t\t<div class=\"elementor-widget-container\">\n\t\t\t\t\t\t\t\t\t<p>#alliancestrat\u00e9gique #partenariat\u00e0impact #communaut\u00e9s #croissanceresponsable #innovationcollective #businessdurable #leadershipconscient #TaniaGombert #humanbusiness #\u00e9cosyst\u00e8mesdurables #croissanceinclusive<\/p>\t\t\t\t\t\t\t\t<\/div>\n\t\t\t\t<\/div>\n\t\t\t\t\t<\/div>\n\t\t<\/div>\n\t\t\t\t\t<\/div>\n\t\t<\/section>\n\t\t\t\t<section class=\"elementor-section elementor-top-section elementor-element elementor-element-05b1b4c elementor-section-boxed elementor-section-height-default elementor-section-height-default\" data-id=\"05b1b4c\" data-element_type=\"section\" data-e-type=\"section\" data-settings=\"{&quot;background_background&quot;:&quot;classic&quot;}\">\n\t\t\t\t\t\t<div class=\"elementor-container elementor-column-gap-default\">\n\t\t\t\t\t<div class=\"elementor-column elementor-col-100 elementor-top-column elementor-element elementor-element-330b7f0\" data-id=\"330b7f0\" data-element_type=\"column\" data-e-type=\"column\">\n\t\t\t<div class=\"elementor-widget-wrap elementor-element-populated\">\n\t\t\t\t\t\t<div class=\"elementor-element elementor-element-b84b071 elementor-widget elementor-widget-post-navigation\" data-id=\"b84b071\" data-element_type=\"widget\" data-e-type=\"widget\" data-widget_type=\"post-navigation.default\">\n\t\t\t\t<div class=\"elementor-widget-container\">\n\t\t\t\t\t \t\t\t\t<\/div>\n\t\t\t\t<\/div>\n\t\t\t\t\t<\/div>\n\t\t<\/div>\n\t\t\t\t\t<\/div>\n\t\t<\/section>\n\t\t\t\t<section class=\"elementor-section elementor-top-section elementor-element elementor-element-09b7149 elementor-section-full_width elementor-section-height-default elementor-section-height-default\" data-id=\"09b7149\" data-element_type=\"section\" data-e-type=\"section\" data-settings=\"{&quot;background_background&quot;:&quot;classic&quot;}\">\n\t\t\t\t\t\t<div class=\"elementor-container elementor-column-gap-default\">\n\t\t\t\t\t<div class=\"elementor-column elementor-col-100 elementor-top-column elementor-element elementor-element-89d1db4\" data-id=\"89d1db4\" data-element_type=\"column\" data-e-type=\"column\">\n\t\t\t<div class=\"elementor-widget-wrap elementor-element-populated\">\n\t\t\t\t\t\t<div class=\"elementor-element elementor-element-c5a73a8 elementor-widget elementor-widget-posts\" data-id=\"c5a73a8\" data-element_type=\"widget\" data-e-type=\"widget\" data-widget_type=\"posts.cards\">\n\t\t\t\t<div class=\"elementor-widget-container\">\n\t\t\t\t\t \t\t\t\t<\/div>\n\t\t\t\t<\/div>\n\t\t\t\t\t<\/div>\n\t\t<\/div>\n\t\t\t\t\t<\/div>\n\t\t<\/section>\n\t\t\t\t<\/div>\n\t\t","protected":false},"excerpt":{"rendered":"<p>La croissance ne se d\u00e9cr\u00e8te plus seule, elle se co-construit. Les alliances, les communaut\u00e9s et l\u2019impact red\u00e9finissent la performance. Les entreprises qui relient plut\u00f4t que de poss\u00e9der ouvrent la voie d\u2019un leadership conscient. La vraie croissance est d\u00e9sormais collective, durable et profond\u00e9ment humaine.<\/p>\n","protected":false},"author":1,"featured_media":2890,"comment_status":"open","ping_status":"open","sticky":false,"template":"","format":"standard","meta":{"zakra_general_container_width":0,"zakra_general_content_width":0,"zakra_general_sidebar_width":0,"zakra_sticky_header":"customizer","zakra_header_main_area":true,"zakra_site_logo_width":0,"zakra_header_top_enabled":"customizer","zakra_header_top_style":"customizer","zakra_primary_menu_item_style":"customizer","zakra_page_header_text_color":"","zakra_page_header_layout":"customizer","zakra_page_title_bg":"","zakra_footer_widgets_bg_image":0,"zakra_page_title_bg_repeat":"customizer","zakra_page_title_bg_position":"customizer","zakra_page_title_bg_size":"customizer","zakra_page_title_bg_attachment":"customizer","zakra_breadcrumbs_enabled":"customizer","zakra_breadcrumbs_text_color":"","zakra_breadcrumbs_separator_color":"","zakra_breadcrumbs_link_color":"","zakra_breadcrumbs_link_hover_color":"","zakra_page_title_bg_image":0,"zakra_footer_widgets_enabled":"customizer","zakra_footer_column_layout_1_style":"customizer","zakra_footer_widgets_bg":"","zakra_footer_widgets_bg_repeat":"customizer","zakra_footer_widgets_bg_position":"customizer","zakra_footer_widgets_bg_size":"customizer","zakra_footer_widgets_bg_attachment":"customizer","zakra_footer_bar_enabled":"customizer","zakra_footer_bar_style":"customizer","zakra_page_container_layout":"customizer","zakra_page_sidebar_layout":"customizer","zakra_remove_content_margin":false,"zakra_sidebar":"customizer","zakra_transparent_header":"customizer","zakra_logo":0,"zakra_main_header_style":"default","zakra_menu_item_color":"","zakra_menu_item_hover_color":"","zakra_menu_item_active_color":"","zakra_menu_active_style":"","zakra_page_header":true,"om_disable_all_campaigns":false,"_uf_show_specific_survey":0,"_uf_disable_surveys":false,"footnotes":""},"categories":[46,36,48,50,38,49,37,45],"tags":[],"class_list":["post-4155","post","type-post","status-publish","format-standard","has-post-thumbnail","hentry","category-communication","category-croissance-responsable","category-engagement","category-influence","category-leadership","category-marketing","category-strategie","category-transformation-culturelle"],"aioseo_notices":[],"_links":{"self":[{"href":"https:\/\/taniagombert.com\/index.php\/wp-json\/wp\/v2\/posts\/4155","targetHints":{"allow":["GET"]}}],"collection":[{"href":"https:\/\/taniagombert.com\/index.php\/wp-json\/wp\/v2\/posts"}],"about":[{"href":"https:\/\/taniagombert.com\/index.php\/wp-json\/wp\/v2\/types\/post"}],"author":[{"embeddable":true,"href":"https:\/\/taniagombert.com\/index.php\/wp-json\/wp\/v2\/users\/1"}],"replies":[{"embeddable":true,"href":"https:\/\/taniagombert.com\/index.php\/wp-json\/wp\/v2\/comments?post=4155"}],"version-history":[{"count":5,"href":"https:\/\/taniagombert.com\/index.php\/wp-json\/wp\/v2\/posts\/4155\/revisions"}],"predecessor-version":[{"id":4383,"href":"https:\/\/taniagombert.com\/index.php\/wp-json\/wp\/v2\/posts\/4155\/revisions\/4383"}],"wp:featuredmedia":[{"embeddable":true,"href":"https:\/\/taniagombert.com\/index.php\/wp-json\/wp\/v2\/media\/2890"}],"wp:attachment":[{"href":"https:\/\/taniagombert.com\/index.php\/wp-json\/wp\/v2\/media?parent=4155"}],"wp:term":[{"taxonomy":"category","embeddable":true,"href":"https:\/\/taniagombert.com\/index.php\/wp-json\/wp\/v2\/categories?post=4155"},{"taxonomy":"post_tag","embeddable":true,"href":"https:\/\/taniagombert.com\/index.php\/wp-json\/wp\/v2\/tags?post=4155"}],"curies":[{"name":"wp","href":"https:\/\/api.w.org\/{rel}","templated":true}]}}