{"id":4565,"date":"2026-01-14T11:06:16","date_gmt":"2026-01-14T09:06:16","guid":{"rendered":"https:\/\/taniagombert.com\/?p=4565"},"modified":"2026-01-14T11:06:18","modified_gmt":"2026-01-14T09:06:18","slug":"le-monde-est-injuste-et-alors-3-ans-plus-tard","status":"publish","type":"post","link":"https:\/\/taniagombert.com\/index.php\/2026\/01\/14\/le-monde-est-injuste-et-alors-3-ans-plus-tard\/","title":{"rendered":"Le monde est injuste, et alors ? 3 ans plus tard"},"content":{"rendered":"\t\t<div data-elementor-type=\"wp-post\" data-elementor-id=\"4565\" class=\"elementor elementor-4565\">\n\t\t\t\t\t\t<section class=\"elementor-section elementor-top-section elementor-element elementor-element-e7396d1 elementor-section-boxed elementor-section-height-default elementor-section-height-default\" data-id=\"e7396d1\" data-element_type=\"section\" data-e-type=\"section\" data-settings=\"{&quot;background_background&quot;:&quot;classic&quot;}\">\n\t\t\t\t\t\t<div class=\"elementor-container elementor-column-gap-default\">\n\t\t\t\t\t<div class=\"elementor-column elementor-col-100 elementor-top-column elementor-element elementor-element-c37e3f2\" data-id=\"c37e3f2\" data-element_type=\"column\" data-e-type=\"column\">\n\t\t\t<div class=\"elementor-widget-wrap elementor-element-populated\">\n\t\t\t\t\t\t<div class=\"elementor-element elementor-element-b7651d2 elementor-widget elementor-widget-heading\" data-id=\"b7651d2\" data-element_type=\"widget\" data-e-type=\"widget\" data-widget_type=\"heading.default\">\n\t\t\t\t<div class=\"elementor-widget-container\">\n\t\t\t\t\t<h1 class=\"elementor-heading-title elementor-size-default\">Le monde est injuste, et alors ? Trois ans plus tard, pourquoi la lucidit\u00e9 reste un acte de leadership<\/h1>\t\t\t\t<\/div>\n\t\t\t\t<\/div>\n\t\t\t\t\t<\/div>\n\t\t<\/div>\n\t\t\t\t\t<\/div>\n\t\t<\/section>\n\t\t\t\t<section class=\"elementor-section elementor-top-section elementor-element elementor-element-cd0339c elementor-section-boxed elementor-section-height-default elementor-section-height-default\" data-id=\"cd0339c\" data-element_type=\"section\" data-e-type=\"section\" data-settings=\"{&quot;background_background&quot;:&quot;classic&quot;}\">\n\t\t\t\t\t\t<div class=\"elementor-container elementor-column-gap-default\">\n\t\t\t\t\t<div class=\"elementor-column elementor-col-50 elementor-top-column elementor-element elementor-element-bd91a77\" data-id=\"bd91a77\" data-element_type=\"column\" data-e-type=\"column\">\n\t\t\t<div class=\"elementor-widget-wrap elementor-element-populated\">\n\t\t\t\t\t\t<div class=\"elementor-element elementor-element-7080060 elementor-widget__width-initial elementor-widget elementor-widget-image\" data-id=\"7080060\" data-element_type=\"widget\" data-e-type=\"widget\" data-widget_type=\"image.default\">\n\t\t\t\t<div class=\"elementor-widget-container\">\n\t\t\t\t\t\t\t\t\t\t\t\t\t\t\t<img fetchpriority=\"high\" decoding=\"async\" width=\"699\" height=\"861\" src=\"https:\/\/taniagombert.com\/wp-content\/uploads\/2026\/01\/Mada-Livre.webp\" class=\"attachment-full size-full wp-image-4566\" alt=\"\" srcset=\"https:\/\/taniagombert.com\/wp-content\/uploads\/2026\/01\/Mada-Livre.webp 699w, https:\/\/taniagombert.com\/wp-content\/uploads\/2026\/01\/Mada-Livre-244x300.webp 244w\" sizes=\"(max-width: 699px) 100vw, 699px\" \/>\t\t\t\t\t\t\t\t\t\t\t\t\t\t\t<\/div>\n\t\t\t\t<\/div>\n\t\t\t\t\t<\/div>\n\t\t<\/div>\n\t\t\t\t<div class=\"elementor-column elementor-col-50 elementor-top-column elementor-element elementor-element-bbabd6e\" data-id=\"bbabd6e\" data-element_type=\"column\" data-e-type=\"column\">\n\t\t\t<div class=\"elementor-widget-wrap elementor-element-populated\">\n\t\t\t\t\t\t<div class=\"elementor-element elementor-element-2abe6bc elementor-widget elementor-widget-text-editor\" data-id=\"2abe6bc\" data-element_type=\"widget\" data-e-type=\"widget\" data-widget_type=\"text-editor.default\">\n\t\t\t\t<div class=\"elementor-widget-container\">\n\t\t\t\t\t\t\t\t\t<p data-start=\"443\" data-end=\"882\">Il y a des dates qui marquent plus qu\u2019on ne l\u2019imagine. Pas parce qu\u2019elles sont symboliques en elles-m\u00eames, mais parce qu\u2019elles invitent \u00e0 regarder le chemin parcouru. Trois ans se sont \u00e9coul\u00e9s depuis la publication de <a title=\"Le monde est injuste et alors ?\" href=\"https:\/\/taniagombert.com\/index.php\/le-monde-est-injuste-et-alors\/\" target=\"_blank\" rel=\"noopener\"><em data-start=\"661\" data-end=\"700\"><span class=\"hover:entity-accent entity-underline inline cursor-pointer align-baseline\"><span class=\"whitespace-normal\">Le monde est injuste, et alors ?<\/span><\/span><\/em>.<\/a> Trois ann\u00e9es de bouleversements, de tensions, de crises multiples. Trois ann\u00e9es qui ont confirm\u00e9 une chose essentielle : ce titre n\u2019a rien perdu de sa justesse, ni de sa n\u00e9cessit\u00e9.<\/p><p data-start=\"884\" data-end=\"1467\">Le monde n\u2019est pas devenu plus \u00e9quitable. Les in\u00e9galit\u00e9s sociales persistent, les fractures territoriales s\u2019accentuent, l\u2019acc\u00e8s \u00e0 l\u2019\u00e9ducation, \u00e0 la sant\u00e9, au pouvoir de d\u00e9cider demeure profond\u00e9ment in\u00e9gal. Dans certains cas, ces d\u00e9s\u00e9quilibres se sont m\u00eame renforc\u00e9s, nourrissant la d\u00e9fiance, la polarisation et une fatigue d\u00e9mocratique palpable. Pourtant, ce livre n\u2019a jamais \u00e9t\u00e9 une plainte, encore moins un constat fataliste. Il \u00e9tait une invitation \u00e0 refuser la r\u00e9signation et \u00e0 poser une question simple, mais exigeante : le monde est injuste, et alors, qu\u2019est-ce qu\u2019on en fait ?<\/p>\t\t\t\t\t\t\t\t<\/div>\n\t\t\t\t<\/div>\n\t\t\t\t\t<\/div>\n\t\t<\/div>\n\t\t\t\t\t<\/div>\n\t\t<\/section>\n\t\t\t\t<section class=\"elementor-section elementor-top-section elementor-element elementor-element-1e48b4d elementor-section-boxed elementor-section-height-default elementor-section-height-default\" data-id=\"1e48b4d\" data-element_type=\"section\" data-e-type=\"section\" data-settings=\"{&quot;background_background&quot;:&quot;slideshow&quot;,&quot;background_slideshow_gallery&quot;:[{&quot;id&quot;:3638,&quot;url&quot;:&quot;https:\\\/\\\/taniagombert.com\\\/wp-content\\\/uploads\\\/2025\\\/05\\\/Paper_09.png&quot;}],&quot;background_slideshow_loop&quot;:&quot;yes&quot;,&quot;background_slideshow_slide_duration&quot;:5000,&quot;background_slideshow_slide_transition&quot;:&quot;fade&quot;,&quot;background_slideshow_transition_duration&quot;:500}\">\n\t\t\t\t\t\t\t<div class=\"elementor-background-overlay\"><\/div>\n\t\t\t\t\t\t\t<div class=\"elementor-container elementor-column-gap-default\">\n\t\t\t\t\t<div class=\"elementor-column elementor-col-100 elementor-top-column elementor-element elementor-element-99819a2\" data-id=\"99819a2\" data-element_type=\"column\" data-e-type=\"column\">\n\t\t\t<div class=\"elementor-widget-wrap elementor-element-populated\">\n\t\t\t\t\t\t<div class=\"elementor-element elementor-element-6e070dd elementor-widget elementor-widget-heading\" data-id=\"6e070dd\" data-element_type=\"widget\" data-e-type=\"widget\" data-widget_type=\"heading.default\">\n\t\t\t\t<div class=\"elementor-widget-container\">\n\t\t\t\t\t<h2 class=\"elementor-heading-title elementor-size-default\">Lucidit\u00e9 sans cynisme : regarder le r\u00e9el sans s\u2019y soumettre<\/h2>\t\t\t\t<\/div>\n\t\t\t\t<\/div>\n\t\t\t\t<div class=\"elementor-element elementor-element-4897237 elementor-widget elementor-widget-text-editor\" data-id=\"4897237\" data-element_type=\"widget\" data-e-type=\"widget\" data-widget_type=\"text-editor.default\">\n\t\t\t\t<div class=\"elementor-widget-container\">\n\t\t\t\t\t\t\t\t\t<p data-start=\"1584\" data-end=\"1931\">Regarder le monde tel qu\u2019il est demande du courage. Nommer l\u2019injustice oblige \u00e0 renoncer au confort du d\u00e9ni et aux r\u00e9cits \u00e9dulcor\u00e9s. La lucidit\u00e9 n\u2019est pas un luxe intellectuel r\u00e9serv\u00e9 \u00e0 quelques initi\u00e9s, elle constitue le socle de toute action s\u00e9rieuse et responsable. Sans elle, l\u2019engagement se transforme rapidement en posture ou en incantation.<\/p><p data-start=\"1933\" data-end=\"2365\">Les faits sont l\u00e0, document\u00e9s, mesur\u00e9s, analys\u00e9s. Les travaux de l\u2019INSEE sur les in\u00e9galit\u00e9s de revenus, de patrimoine et de trajectoires sociales en France en t\u00e9moignent ann\u00e9e apr\u00e8s ann\u00e9e<br data-start=\"2120\" data-end=\"2123\" \/><a class=\"decorated-link cursor-pointer\" target=\"_new\" rel=\"noopener\" data-start=\"2123\" data-end=\"2175\">https:\/\/www.insee.fr\/fr\/statistiques?debut=0&amp;theme=1<\/a><br data-start=\"2175\" data-end=\"2178\" \/>\u00c0 l\u2019\u00e9chelle mondiale, le <em data-start=\"2203\" data-end=\"2228\">World Inequality Report<\/em> dresse un constat tout aussi clair sur la concentration des richesses et la reproduction des d\u00e9s\u00e9quilibres<br data-start=\"2335\" data-end=\"2338\" \/><a class=\"decorated-link\" href=\"https:\/\/wir2022.wid.world\" target=\"_new\" rel=\"noopener\" data-start=\"2338\" data-end=\"2363\">https:\/\/wir2022.wid.world<\/a><\/p><p data-start=\"2367\" data-end=\"2644\">Face \u00e0 cette r\u00e9alit\u00e9, deux d\u00e9rives guettent. Le cynisme, qui anesth\u00e9sie toute capacit\u00e9 d\u2019agir en se r\u00e9fugiant derri\u00e8re l\u2019ironie ou le d\u00e9tachement. La r\u00e9signation, qui conduit \u00e0 se retirer du jeu en consid\u00e9rant que tout est jou\u00e9 d\u2019avance. Aucune de ces options n\u2019est acceptable.<\/p><p data-start=\"2646\" data-end=\"3137\">La lucidit\u00e9 v\u00e9ritable refuse ces deux \u00e9chappatoires. Elle ne nie pas la violence du r\u00e9el, mais elle ne s\u2019y soumet pas. Dans le leadership, cette posture est inconfortable. Elle impose d\u2019assumer la complexit\u00e9, de renoncer aux promesses simplistes et d\u2019accepter de naviguer dans des zones grises. Refuser le cynisme ne signifie pas \u00eatre indulgent, tout comme rejeter la r\u00e9signation n\u2019implique pas l\u2019ang\u00e9lisme. La lucidit\u00e9 engage \u00e0 entrer dans l\u2019ar\u00e8ne, m\u00eame lorsque les r\u00e8gles sont imparfaites.<\/p>\t\t\t\t\t\t\t\t<\/div>\n\t\t\t\t<\/div>\n\t\t\t\t<div class=\"elementor-element elementor-element-c7320bc elementor-widget elementor-widget-heading\" data-id=\"c7320bc\" data-element_type=\"widget\" data-e-type=\"widget\" data-widget_type=\"heading.default\">\n\t\t\t\t<div class=\"elementor-widget-container\">\n\t\t\t\t\t<h2 class=\"elementor-heading-title elementor-size-default\">Responsabilit\u00e9 individuelle et pouvoir diffus : l\u00e0 o\u00f9 tout commence<\/h2>\t\t\t\t<\/div>\n\t\t\t\t<\/div>\n\t\t\t\t<div class=\"elementor-element elementor-element-ec19c0c elementor-widget elementor-widget-text-editor\" data-id=\"ec19c0c\" data-element_type=\"widget\" data-e-type=\"widget\" data-widget_type=\"text-editor.default\">\n\t\t\t\t<div class=\"elementor-widget-container\">\n\t\t\t\t\t\t\t\t\t<p data-start=\"3220\" data-end=\"3633\">La responsabilit\u00e9 n\u2019est pas un concept abstrait ni un slogan mobilisateur. Elle s\u2019exerce partout, tout le temps, souvent l\u00e0 o\u00f9 on ne la regarde pas. Dans les choix professionnels, dans les arbitrages du quotidien, dans la mani\u00e8re d\u2019exercer une fonction, qu\u2019elle soit visible ou discr\u00e8te. Le pouvoir n\u2019est pas uniquement institutionnel, il est diffus, fragment\u00e9, incarn\u00e9 dans une multitude de d\u00e9cisions ordinaires.<\/p><p data-start=\"3635\" data-end=\"3917\">Choisir un partenaire plut\u00f4t qu\u2019un autre, donner de la visibilit\u00e9 \u00e0 certaines voix, structurer une gouvernance plus inclusive, questionner des angles morts organisationnels. Chaque d\u00e9cision, m\u00eame minuscule en apparence, contribue soit \u00e0 reproduire l\u2019existant, soit \u00e0 le transformer.<\/p><p data-start=\"3919\" data-end=\"4311\">Les travaux d\u2019ONU Femmes rappellent combien l\u2019acc\u00e8s au pouvoir de d\u00e9cider reste profond\u00e9ment in\u00e9gal selon le genre, les territoires et les contextes socio-\u00e9conomiques<br data-start=\"4085\" data-end=\"4088\" \/><a class=\"decorated-link\" href=\"https:\/\/www.unwomen.org\/fr\" target=\"_new\" rel=\"noopener\" data-start=\"4088\" data-end=\"4114\">https:\/\/www.unwomen.org\/fr<\/a><br data-start=\"4114\" data-end=\"4117\" \/>Ces in\u00e9galit\u00e9s ne sont pas th\u00e9oriques. Elles se traduisent concr\u00e8tement par des \u00e9carts de r\u00e9mun\u00e9ration, des plafonds de verre persistants, des politiques publiques incompl\u00e8tes ou mal appliqu\u00e9es.<\/p><p data-start=\"4313\" data-end=\"4728\">Face \u00e0 cette r\u00e9alit\u00e9, la tentation du d\u00e9sengagement est forte. Elle prend parfois la forme d\u2019une fatigue morale, parfois celle d\u2019un humour d\u00e9sabus\u00e9. Pourtant, renoncer \u00e0 agir ne neutralise pas l\u2019injustice. Cela la laisse simplement se d\u00e9ployer sans r\u00e9sistance. Assumer sa part ne signifie pas porter le monde sur ses \u00e9paules, mais refuser de s\u2019en extraire sous pr\u00e9texte que l\u2019effort serait insuffisant ou imparfait.<\/p>\t\t\t\t\t\t\t\t<\/div>\n\t\t\t\t<\/div>\n\t\t\t\t<div class=\"elementor-element elementor-element-encart_amz_mid_4565 elementor-widget elementor-widget-html\" data-id=\"encart_amz_mid_4565\" data-element_type=\"widget\" data-e-type=\"widget\" data-widget_type=\"html.default\">\n\t\t\t\t<div class=\"elementor-widget-container\">\n\t\t\t\t\t<div class=\"encart-livre\" style=\"border-left:3px solid #c8a96e;padding:16px 20px;margin:24px 0;background:#faf9f7;\"><p style=\"margin:0 0 8px;font-weight:600;font-family:Montserrat,sans-serif;\">&#128214; Sur ce sujet, j&rsquo;ai &eacute;crit un livre<\/p><p style=\"margin:0 0 12px;font-family:Montserrat,sans-serif;\"><strong>Le monde est injuste, et alors&nbsp;?<\/strong> &mdash; un essai sur la lucidit&eacute;, l&rsquo;engagement et l&rsquo;action face aux injustices structurelles.<\/p><a href=\"https:\/\/www.amazon.fr\/dp\/B0BVV549ZH?tag=taniagombert-21\" target=\"_blank\" rel=\"noopener\" style=\"display:inline-block;background:#FF9900;color:#000;padding:8px 16px;text-decoration:none;border-radius:4px;font-weight:600;\" data-affiliation=\"amazon-partenaires\">Commander sur Amazon &rarr;<\/a><p style=\"margin:8px 0 0;font-size:0.78em;color:#666;\"><em>Lien affili&eacute; &mdash; En tant que Partenaire Amazon, je per&ccedil;ois une commission sur les achats &eacute;ligibles.<\/em><\/p><\/div>\t\t\t\t<\/div>\n\t\t\t\t<\/div>\n\t\t\t\t<div class=\"elementor-element elementor-element-fe6655a elementor-widget elementor-widget-heading\" data-id=\"fe6655a\" data-element_type=\"widget\" data-e-type=\"widget\" data-widget_type=\"heading.default\">\n\t\t\t\t<div class=\"elementor-widget-container\">\n\t\t\t\t\t<h2 class=\"elementor-heading-title elementor-size-default\">Engagement sans posture morale : agir sans se raconter d\u2019histoires<\/h2>\t\t\t\t<\/div>\n\t\t\t\t<\/div>\n\t\t\t\t<div class=\"elementor-element elementor-element-8424e92 elementor-widget elementor-widget-text-editor\" data-id=\"8424e92\" data-element_type=\"widget\" data-e-type=\"widget\" data-widget_type=\"text-editor.default\">\n\t\t\t\t<div class=\"elementor-widget-container\">\n\t\t\t\t\t\t\t\t\t<p data-start=\"4810\" data-end=\"5089\">L\u2019engagement authentique n\u2019est pas une mise en sc\u00e8ne. Il ne se mesure ni au nombre de prises de parole publiques ni \u00e0 la puret\u00e9 des intentions affich\u00e9es. Il se v\u00e9rifie dans la dur\u00e9e, dans la coh\u00e9rence des actes, dans la capacit\u00e9 \u00e0 agir sans se draper dans une sup\u00e9riorit\u00e9 morale.<\/p><p data-start=\"5091\" data-end=\"5478\">Agir sans posture morale suppose une discipline int\u00e9rieure exigeante. Cela implique d\u2019accepter ses contradictions, de reconna\u00eetre ses zones d\u2019inconfort, de renoncer \u00e0 l\u2019illusion d\u2019une trajectoire parfaitement align\u00e9e. Aucun parcours n\u2019est irr\u00e9prochable. Aucun engagement n\u2019est exempt de compromis. Cette reconnaissance n\u2019affaiblit pas l\u2019action, elle la rend plus honn\u00eate et plus durable.<\/p><p data-start=\"5480\" data-end=\"5805\">L\u2019injustice du monde n\u2019est pas une excuse pour se retirer du jeu. Elle constitue une raison suppl\u00e9mentaire d\u2019y entrer, avec exigence, avec lucidit\u00e9, avec humanit\u00e9. L\u2019engagement adulte accepte l\u2019imperfection et refuse la puret\u00e9 id\u00e9ologique. Il privil\u00e9gie l\u2019impact r\u00e9el aux grandes d\u00e9clarations et s\u2019inscrit dans le temps long.<\/p><p data-start=\"5807\" data-end=\"6027\">Cette posture est inconfortable. Elle expose \u00e0 la critique et oblige \u00e0 rendre des comptes. Pourtant, elle reste la seule viable lorsqu\u2019on cherche \u00e0 transformer r\u00e9ellement les organisations, les syst\u00e8mes et les pratiques.<\/p>\t\t\t\t\t\t\t\t<\/div>\n\t\t\t\t<\/div>\n\t\t\t\t<div class=\"elementor-element elementor-element-0226d4d elementor-widget elementor-widget-heading\" data-id=\"0226d4d\" data-element_type=\"widget\" data-e-type=\"widget\" data-widget_type=\"heading.default\">\n\t\t\t\t<div class=\"elementor-widget-container\">\n\t\t\t\t\t<h2 class=\"elementor-heading-title elementor-size-default\">Trois ans apr\u00e8s : la force du collectif et la fid\u00e9lit\u00e9 aux convictions<\/h2>\t\t\t\t<\/div>\n\t\t\t\t<\/div>\n\t\t\t\t<div class=\"elementor-element elementor-element-a03a7d2 elementor-widget elementor-widget-text-editor\" data-id=\"a03a7d2\" data-element_type=\"widget\" data-e-type=\"widget\" data-widget_type=\"text-editor.default\">\n\t\t\t\t<div class=\"elementor-widget-container\">\n\t\t\t\t\t\t\t\t\t<p data-start=\"6113\" data-end=\"6558\">Trois ans apr\u00e8s la publication de ce livre, la conviction initiale est intacte, peut-\u00eatre m\u00eame renforc\u00e9e. Ce chemin n\u2019aurait pas eu la m\u00eame profondeur sans l\u2019aventure partag\u00e9e avec <span class=\"hover:entity-accent entity-underline inline cursor-pointer align-baseline\"><span class=\"whitespace-normal\">Clotilde Boudet<\/span><\/span>. \u00c9crire \u00e0 deux a \u00e9t\u00e9 un exercice d\u2019humilit\u00e9 autant qu\u2019une source d\u2019enrichissement intellectuel et humain. Penser ensemble oblige \u00e0 affiner ses arguments, \u00e0 \u00e9couter r\u00e9ellement, \u00e0 d\u00e9passer l\u2019ego pour construire un propos commun.<\/p><p data-start=\"6560\" data-end=\"6898\">Cette exp\u00e9rience a confirm\u00e9 une intuition profonde : les transformations durables sont toujours collectives. Les changements r\u00e9els naissent rarement de trajectoires solitaires. Dans un monde fragment\u00e9, le lien devient un acte politique. La coop\u00e9ration redevient une comp\u00e9tence strat\u00e9gique. L\u2019\u00e9coute s\u2019impose comme une forme de r\u00e9sistance.<\/p><p data-start=\"6900\" data-end=\"7090\">Continuer \u00e0 faire sa part n\u2019a rien d\u2019h\u00e9ro\u00efque. C\u2019est un choix quotidien, parfois discret, souvent imparfait, mais profond\u00e9ment n\u00e9cessaire. Ce choix compte, m\u00eame lorsqu\u2019il ne fait pas la une.<\/p>\t\t\t\t\t\t\t\t<\/div>\n\t\t\t\t<\/div>\n\t\t\t\t<div class=\"elementor-element elementor-element-08eb995 elementor-widget elementor-widget-heading\" data-id=\"08eb995\" data-element_type=\"widget\" data-e-type=\"widget\" data-widget_type=\"heading.default\">\n\t\t\t\t<div class=\"elementor-widget-container\">\n\t\t\t\t\t<h2 class=\"elementor-heading-title elementor-size-default\">Vers une lucidit\u00e9 engag\u00e9e, exigeante et profond\u00e9ment humaine<\/h2>\t\t\t\t<\/div>\n\t\t\t\t<\/div>\n\t\t\t\t<div class=\"elementor-element elementor-element-ade49e0 elementor-widget elementor-widget-text-editor\" data-id=\"ade49e0\" data-element_type=\"widget\" data-e-type=\"widget\" data-widget_type=\"text-editor.default\">\n\t\t\t\t<div class=\"elementor-widget-container\">\n\t\t\t\t\t\t\t\t\t<p data-start=\"7166\" data-end=\"7451\">Vers quoi avancer aujourd\u2019hui ? Vers un engagement adulte, d\u00e9barrass\u00e9 des illusions et des postures. Vers un leadership qui ne promet pas de miracles mais assume ses responsabilit\u00e9s. Vers une action ancr\u00e9e dans le r\u00e9el, lucide sans \u00eatre paralysante, exigeante sans \u00eatre d\u00e9shumanisante.<\/p><p data-start=\"7453\" data-end=\"7625\">Le monde restera injuste, probablement longtemps. La question demeure pourtant intacte et br\u00fblante : que faisons-nous de cette r\u00e9alit\u00e9, individuellement et collectivement ?<\/p>\t\t\t\t\t\t\t\t<\/div>\n\t\t\t\t<\/div>\n\t\t\t\t<div class=\"elementor-element elementor-element-1be8b57 elementor-view-default elementor-widget elementor-widget-icon\" data-id=\"1be8b57\" data-element_type=\"widget\" data-e-type=\"widget\" data-widget_type=\"icon.default\">\n\t\t\t\t<div class=\"elementor-widget-container\">\n\t\t\t\t\t\t\t<div class=\"elementor-icon-wrapper\">\n\t\t\t<div class=\"elementor-icon elementor-animation-grow\">\n\t\t\t<i aria-hidden=\"true\" class=\"fas fa-quote-left\"><\/i>\t\t\t<\/div>\n\t\t<\/div>\n\t\t\t\t\t\t<\/div>\n\t\t\t\t<\/div>\n\t\t\t\t<div class=\"elementor-element elementor-element-7997359 elementor-widget elementor-widget-testimonial\" data-id=\"7997359\" data-element_type=\"widget\" data-e-type=\"widget\" data-widget_type=\"testimonial.default\">\n\t\t\t\t<div class=\"elementor-widget-container\">\n\t\t\t\t\t\t\t<div class=\"elementor-testimonial-wrapper\">\n\t\t\t\t\t\t\t<div class=\"elementor-testimonial-content\">La lucidit\u00e9 n\u2019est pas l\u2019ennemie de l\u2019espoir. Elle en est la condition.<\/div>\n\t\t\t\n\t\t\t\t\t<\/div>\n\t\t\t\t\t\t<\/div>\n\t\t\t\t<\/div>\n\t\t\t\t<div class=\"elementor-element elementor-element-01c6c2c elementor-widget elementor-widget-text-editor\" data-id=\"01c6c2c\" data-element_type=\"widget\" data-e-type=\"widget\" data-widget_type=\"text-editor.default\">\n\t\t\t\t<div class=\"elementor-widget-container\">\n\t\t\t\t\t\t\t\t\t<p>Et si continuer, sans na\u00efvet\u00e9 mais sans renoncer, \u00e9tait d\u00e9j\u00e0 une forme de victoire ?<\/p>\t\t\t\t\t\t\t\t<\/div>\n\t\t\t\t<\/div>\n\t\t\t\t<div class=\"elementor-element elementor-element-encart_amz_fin_4565 elementor-widget elementor-widget-html\" data-id=\"encart_amz_fin_4565\" data-element_type=\"widget\" data-e-type=\"widget\" data-widget_type=\"html.default\">\n\t\t\t\t<div class=\"elementor-widget-container\">\n\t\t\t\t\t<hr style=\"margin:24px 0;border:none;border-top:1px solid #ddd;\"><p style=\"font-family:Montserrat,sans-serif;\"><strong>Ce sujet vous touche&nbsp;?<\/strong> J&rsquo;ai explor&eacute; ces questions en profondeur dans mon livre <em>&laquo;&nbsp;Le monde est injuste, et alors&nbsp;?&nbsp;&raquo;<\/em> &mdash; disponible sur <a href=\"https:\/\/www.amazon.fr\/dp\/B0BVV549ZH?tag=taniagombert-21\" target=\"_blank\" rel=\"noopener\" data-affiliation=\"amazon-partenaires\">Amazon<\/a>.<\/p><p style=\"font-size:0.8em;color:#888;\"><em>Lien affili&eacute; Amazon Partenaires.<\/em><\/p>\t\t\t\t<\/div>\n\t\t\t\t<\/div>\n\t\t\t\t<div class=\"elementor-element elementor-element-8071b9f elementor-widget elementor-widget-text-editor\" data-id=\"8071b9f\" data-element_type=\"widget\" data-e-type=\"widget\" data-widget_type=\"text-editor.default\">\n\t\t\t\t<div class=\"elementor-widget-container\">\n\t\t\t\t\t\t\t\t\t<p>#LeMondeEstInjusteEtAlors #LeadershipEngag\u00e9 #Lucidit\u00e9 #Responsabilit\u00e9 #Impact #Engagement #In\u00e9galit\u00e9s #PouvoirDeD\u00e9cider #Transformation #HumanLeadership<\/p>\t\t\t\t\t\t\t\t<\/div>\n\t\t\t\t<\/div>\n\t\t\t\t\t<\/div>\n\t\t<\/div>\n\t\t\t\t\t<\/div>\n\t\t<\/section>\n\t\t\t\t<section class=\"elementor-section elementor-top-section elementor-element elementor-element-7677221 elementor-section-boxed elementor-section-height-default elementor-section-height-default\" data-id=\"7677221\" data-element_type=\"section\" data-e-type=\"section\" data-settings=\"{&quot;background_background&quot;:&quot;classic&quot;}\">\n\t\t\t\t\t\t<div class=\"elementor-container elementor-column-gap-default\">\n\t\t\t\t\t<div class=\"elementor-column elementor-col-100 elementor-top-column elementor-element elementor-element-f9c76a9\" data-id=\"f9c76a9\" data-element_type=\"column\" data-e-type=\"column\">\n\t\t\t<div class=\"elementor-widget-wrap elementor-element-populated\">\n\t\t\t\t\t\t<div class=\"elementor-element elementor-element-aff62a4 elementor-widget elementor-widget-post-navigation\" data-id=\"aff62a4\" data-element_type=\"widget\" data-e-type=\"widget\" data-widget_type=\"post-navigation.default\">\n\t\t\t\t<div class=\"elementor-widget-container\">\n\t\t\t\t\t \t\t\t\t<\/div>\n\t\t\t\t<\/div>\n\t\t\t\t\t<\/div>\n\t\t<\/div>\n\t\t\t\t\t<\/div>\n\t\t<\/section>\n\t\t\t\t<section class=\"elementor-section elementor-top-section elementor-element elementor-element-e601651 elementor-section-full_width elementor-section-height-default elementor-section-height-default\" data-id=\"e601651\" data-element_type=\"section\" data-e-type=\"section\" data-settings=\"{&quot;background_background&quot;:&quot;classic&quot;}\">\n\t\t\t\t\t\t<div class=\"elementor-container elementor-column-gap-default\">\n\t\t\t\t\t<div class=\"elementor-column elementor-col-100 elementor-top-column elementor-element elementor-element-ded09cb\" data-id=\"ded09cb\" data-element_type=\"column\" data-e-type=\"column\">\n\t\t\t<div class=\"elementor-widget-wrap elementor-element-populated\">\n\t\t\t\t\t\t<div class=\"elementor-element elementor-element-e042f9b elementor-widget elementor-widget-posts\" data-id=\"e042f9b\" data-element_type=\"widget\" data-e-type=\"widget\" data-widget_type=\"posts.cards\">\n\t\t\t\t<div class=\"elementor-widget-container\">\n\t\t\t\t\t \t\t\t\t<\/div>\n\t\t\t\t<\/div>\n\t\t\t\t\t<\/div>\n\t\t<\/div>\n\t\t\t\t\t<\/div>\n\t\t<\/section>\n\t\t\t\t<\/div>\n\t\t","protected":false},"excerpt":{"rendered":"<p>Le monde est injuste, ce n\u2019est plus une surprise. La vraie question commence apr\u00e8s ce constat. La lucidit\u00e9 n\u2019est pas un renoncement mais un point d\u2019appui. L\u2019engagement adulte accepte la complexit\u00e9 sans se raconter d\u2019histoires. Continuer \u00e0 agir, sans na\u00efvet\u00e9 et sans posture, reste un choix profond\u00e9ment politique.<\/p>\n","protected":false},"author":1,"featured_media":4566,"comment_status":"open","ping_status":"open","sticky":false,"template":"","format":"standard","meta":{"zakra_general_container_width":0,"zakra_general_content_width":0,"zakra_general_sidebar_width":0,"zakra_sticky_header":"customizer","zakra_header_main_area":true,"zakra_site_logo_width":0,"zakra_header_top_enabled":"customizer","zakra_header_top_style":"customizer","zakra_primary_menu_item_style":"customizer","zakra_page_header_text_color":"","zakra_page_header_layout":"customizer","zakra_page_title_bg":"","zakra_footer_widgets_bg_image":0,"zakra_page_title_bg_repeat":"customizer","zakra_page_title_bg_position":"customizer","zakra_page_title_bg_size":"customizer","zakra_page_title_bg_attachment":"customizer","zakra_breadcrumbs_enabled":"customizer","zakra_breadcrumbs_text_color":"","zakra_breadcrumbs_separator_color":"","zakra_breadcrumbs_link_color":"","zakra_breadcrumbs_link_hover_color":"","zakra_page_title_bg_image":0,"zakra_footer_widgets_enabled":"customizer","zakra_footer_column_layout_1_style":"customizer","zakra_footer_widgets_bg":"","zakra_footer_widgets_bg_repeat":"customizer","zakra_footer_widgets_bg_position":"customizer","zakra_footer_widgets_bg_size":"customizer","zakra_footer_widgets_bg_attachment":"customizer","zakra_footer_bar_enabled":"customizer","zakra_footer_bar_style":"customizer","zakra_page_container_layout":"customizer","zakra_page_sidebar_layout":"customizer","zakra_remove_content_margin":false,"zakra_sidebar":"customizer","zakra_transparent_header":"customizer","zakra_logo":0,"zakra_main_header_style":"default","zakra_menu_item_color":"","zakra_menu_item_hover_color":"","zakra_menu_item_active_color":"","zakra_menu_active_style":"","zakra_page_header":true,"om_disable_all_campaigns":false,"_uf_show_specific_survey":0,"_uf_disable_surveys":false,"footnotes":""},"categories":[44,48,52,43,50,38,6,45],"tags":[],"class_list":["post-4565","post","type-post","status-publish","format-standard","has-post-thumbnail","hentry","category-diversite","category-engagement","category-impact","category-inclusion","category-influence","category-leadership","category-motsamaux","category-transformation-culturelle"],"aioseo_notices":[],"_links":{"self":[{"href":"https:\/\/taniagombert.com\/index.php\/wp-json\/wp\/v2\/posts\/4565","targetHints":{"allow":["GET"]}}],"collection":[{"href":"https:\/\/taniagombert.com\/index.php\/wp-json\/wp\/v2\/posts"}],"about":[{"href":"https:\/\/taniagombert.com\/index.php\/wp-json\/wp\/v2\/types\/post"}],"author":[{"embeddable":true,"href":"https:\/\/taniagombert.com\/index.php\/wp-json\/wp\/v2\/users\/1"}],"replies":[{"embeddable":true,"href":"https:\/\/taniagombert.com\/index.php\/wp-json\/wp\/v2\/comments?post=4565"}],"version-history":[{"count":8,"href":"https:\/\/taniagombert.com\/index.php\/wp-json\/wp\/v2\/posts\/4565\/revisions"}],"predecessor-version":[{"id":4574,"href":"https:\/\/taniagombert.com\/index.php\/wp-json\/wp\/v2\/posts\/4565\/revisions\/4574"}],"wp:featuredmedia":[{"embeddable":true,"href":"https:\/\/taniagombert.com\/index.php\/wp-json\/wp\/v2\/media\/4566"}],"wp:attachment":[{"href":"https:\/\/taniagombert.com\/index.php\/wp-json\/wp\/v2\/media?parent=4565"}],"wp:term":[{"taxonomy":"category","embeddable":true,"href":"https:\/\/taniagombert.com\/index.php\/wp-json\/wp\/v2\/categories?post=4565"},{"taxonomy":"post_tag","embeddable":true,"href":"https:\/\/taniagombert.com\/index.php\/wp-json\/wp\/v2\/tags?post=4565"}],"curies":[{"name":"wp","href":"https:\/\/api.w.org\/{rel}","templated":true}]}}